{"provider_url": "https://www.barradoquarai.rs.leg.br", "title": "Fun\u00e7\u00e3o e Defini\u00e7\u00e3o", "html": "<p style=\"text-align: center; \">\u00a0</p>\r\n<p style=\"text-align: center; \"><img src=\"https://www.barradoquarai.rs.leg.br/imagens/logo\" alt=\"Logo\" class=\"image-inline\" title=\"Logo\" /></p>\r\n<p>A aproxima\u00e7\u00e3o da C\u00e2mara de Vereadores da comunidade local, tamb\u00e9m se dar\u00e1 atrav\u00e9s do conhecimento das regras b\u00e1sicas de funcionamento da C\u00e2mara Municipal de Vereadores da Barra do Quara\u00ed.</p>\r\n<p><strong>Diferen\u00e7a entre o Poder Legislativo e o Poder Executivo:</strong></p>\r\n<p>O Poder Legislativo \u00e9 exercido pelos Vereadores.\u00a0O Poder Executivo \u00e9 exercido pelo Prefeito e Vice-Prefeito, com o aux\u00edlio dos Secret\u00e1rios e Servidores.\u00a0A C\u00e2mara de Vereadores tem suas pr\u00f3prias regras, funcionando de acordo com a Lei Org\u00e2nica do Munic\u00edpio e do seu Regimento Interno.\u00a0A C\u00e2mara de Vereadores \u00e9 independente do Poder Executivo, contudo devem funcionar em harmonia, pensando sempre no bem-estar da comunidade.</p>\r\n<p><strong>As principais fun\u00e7\u00f5es da C\u00e2mara de Vereadores s\u00e3o as seguintes:</strong></p>\r\n<p>&gt; Fun\u00e7\u00e3o de Legisla\u00e7\u00e3o;<br />&gt; Fun\u00e7\u00e3o de Fiscaliza\u00e7\u00e3o;<br />&gt; Fun\u00e7\u00e3o de Julgamento;<br />&gt; Fun\u00e7\u00e3o de Assessoramento;<br />&gt; Fun\u00e7\u00e3o de Administra\u00e7\u00e3o;</p>\r\n<p><strong>Vamos conhecer estas fun\u00e7\u00f5es?</strong></p>\r\n<p><strong>Fun\u00e7\u00e3o Legislativa:</strong> Consiste em analisar, discutir e votar os projetos que ser\u00e3o transformados em leis, buscando organizar a vida da comunidade. Os Projetos podem ter origem na pr\u00f3pria C\u00e2mara de Vereadores ou serem apresentados pelo Poder Executivo e, ainda, pela pr\u00f3pria comunidade, devendo, neste caso, ser subscrito, no m\u00ednimo, por 5% do eleitorado do Munic\u00edpio.</p>\r\n<p><strong>Fun\u00e7\u00e3o de Fiscaliza\u00e7\u00e3o:</strong> Uma das fun\u00e7\u00f5es mais importantes da C\u00e2mara Municipal \u00e9 fiscalizar os atos do Poder Executivo. Isso se faz atrav\u00e9s de Pedidos de Informa\u00e7\u00f5es sobre assuntos da administra\u00e7\u00e3o municipal, exame de conv\u00eanios, aprecia\u00e7\u00e3o da Presta\u00e7\u00e3o de Contas do Prefeito com o parecer pr\u00e9vio do tribunal de Contas do Estado, constitui\u00e7\u00e3o de Comiss\u00f5es Parlamentares de Inqu\u00e9rito - CPI, para apura\u00e7\u00e3o de fatos determinados, convoca\u00e7\u00e3o de Secret\u00e1rios Municipais para prestar esclarecimentos, dentre outros.</p>\r\n<p><strong>Fun\u00e7\u00e3o de Julgamento:</strong> \u00c9 exercida pela C\u00e2mara atrav\u00e9s de processo e julgamento das infra\u00e7\u00f5es pol\u00edtico-administrativas do Prefeito e dos Vereadores. Quando processados e julgados culpados, a pena \u00e9 a perda do mandato.</p>\r\n<p><strong>Fun\u00e7\u00e3o de Assessoramento:</strong> Os Vereadores podem sugerir ao Prefeito melhorias para a comunidade. Por exemplo: melhorias nas estradas, compra de maquin\u00e1rio para a agricultura, equipamentos para a Secretaria de Sa\u00fade, \u00f4nibus escolares, etc. Isso se faz atrav\u00e9s de Pedidos de Provid\u00eancias, que n\u00e3o tem for\u00e7a de lei, apenas servem de sugest\u00e3o ao Executivo.</p>\r\n<p><strong>Fun\u00e7\u00e3o de Administra\u00e7\u00e3o:</strong> \u00c9 tarefa da pr\u00f3pria C\u00e2mara a sua organiza\u00e7\u00e3o interna e a regulamenta\u00e7\u00e3o de seus servi\u00e7os. Citamos, como exemplo, a elei\u00e7\u00e3o da Mesa Diretora, a constitui\u00e7\u00e3o das Comiss\u00f5es Permanentes, a contrata\u00e7\u00e3o de assessoria, a nomea\u00e7\u00e3o de servidores, a divulga\u00e7\u00e3o dos trabalhos da Casa e a gest\u00e3o de seus recursos or\u00e7ament\u00e1rios.</p>\r\n<p style=\"text-align: center; \"><img src=\"https://www.barradoquarai.rs.leg.br/imagens/plenario-1\" alt=\"plenario\" class=\"image-inline\" title=\"plenario\" /></p>\r\n<p><strong>Como est\u00e1 organizada a C\u00e2mara de Vereadores da Barra do Quara\u00ed?</strong></p>\r\n<p>A C\u00e2mara Municipal da Barra do Quara\u00ed \u00e9 composta por 9 vereadores. O n\u00famero de vereadores \u00e9 proporcional \u00e0 popula\u00e7\u00e3o do Munic\u00edpio (4.800 habitantes), observados os limites estabelecidos pela Constitui\u00e7\u00e3o Federal.</p>\r\n<p>Os vereadores s\u00e3o eleitos pelo povo, em elei\u00e7\u00e3o direta, sendo os leg\u00edtimos representantes da popula\u00e7\u00e3o do Munic\u00edpio.\u00a0No primeiro ano de cada legislatura, cuja dura\u00e7\u00e3o coincide com a do mandato dos vereadores (4 anos), a C\u00e2mara re\u00fane-se no dia 1\u00ba de janeiro para dar posse aos Vereadores, Prefeito e Vice-Prefeito, bem como eleger sua Mesa Diretora e as Comiss\u00f5es.\u00a0A Sess\u00e3o Legislativa, que \u00e9 cada ano da legislatura, compreende o per\u00edodo de 2 de fevereiro a 17 de julho e de 1\u00ba de agosto a 22 de dezembro.\u00a0No ato de posse, os eleitos prestam o seguinte compromisso:\u00a0<span>\"Prometo cumprir a Constitui\u00e7\u00e3o Federal, a Constitui\u00e7\u00e3o Estadual e a Lei Org\u00e2nica Municipal, observar as leis, desempenhar o mandato que me foi confiado e trabalhar pelo progresso do Munic\u00edpio e bem-estar de seu Povo.\"</span></p>\r\n<p>Como se v\u00ea, \u00e9 a C\u00e2mara quem d\u00e1 posse ao Prefeito e ao Vice-Prefeito, ap\u00f3s declarada a sua instala\u00e7\u00e3o. Conhe\u00e7a a estrutura organizacional da C\u00e2mara de Vereadores.</p>\r\n<p style=\"text-align: left; \"><strong>Mesa Diretora:</strong> A Mesa \u00e9 o \u00f3rg\u00e3o de dire\u00e7\u00e3o dos trabalhos da C\u00e2mara Municipal, sendo composta por um Presidente, um Vice-Presidente e um Secret\u00e1rio, eleitos para o mandato de um ano, vedada a recondu\u00e7\u00e3o para o mesmo cargo na elei\u00e7\u00e3o imediatamente subsequente.\u00a0O Presidente \u00e9 quem dirige e representa a C\u00e2mara, sendo respons\u00e1vel pela execu\u00e7\u00e3o or\u00e7ament\u00e1ria da Casa.\u00a0<span style=\"text-align: center; \">\u00a0</span></p>\r\n<table class=\"plain\">\r\n<tbody>\r\n<tr><th><img src=\"https://www.barradoquarai.rs.leg.br/imagens/Carlinho_mini25.png\" alt=\"\" class=\"image-inline\" title=\"\" /></th><th><img src=\"https://www.barradoquarai.rs.leg.br/imagens/Valdemar_mini.png\" alt=\"\" class=\"image-inline\" title=\"\" /></th><th><img src=\"https://www.barradoquarai.rs.leg.br/imagens/Danilo_mini25.png\" alt=\"\" class=\"image-inline\" title=\"\" /></th></tr>\r\n<tr>\r\n<td>\r\n<p>Carlos Alberto</p>\r\n<p>Secret\u00e1rio</p>\r\n</td>\r\n<td>\r\n<p>Valdemar Alves</p>\r\n<p>Presidente</p>\r\n</td>\r\n<td>\r\n<p>Danilo Rodrigues</p>\r\n<p>Vice-Presidente</p>\r\n</td>\r\n</tr>\r\n</tbody>\r\n</table>\r\n<p style=\"text-align: left; \"><span style=\"text-align: left; \"><strong><br />Comiss\u00f5es:</strong><span> S\u00e3o \u00f3rg\u00e3os t\u00e9cnicos constitu\u00eddos pelos pr\u00f3prios membros da C\u00e2mara, em car\u00e1ter permanente ou transit\u00f3rio, destinadas a proceder estudos, emitir pareceres especializados, realizar investiga\u00e7\u00f5es e representar o Legislativo, conforme o caso, enfim, s\u00e3o \u00f3rg\u00e3os de estudo de mat\u00e9ria submetida \u00e0 aprecia\u00e7\u00e3o da C\u00e2mara.\u00a0</span><strong>Plen\u00e1rio:</strong> \u00c9 o \u00f3rg\u00e3o soberano e deliberativo da C\u00e2mara Municipal, sendo composto pelos 9 Vereadores. Cabe ao Plen\u00e1rio votar os projetos de lei e demais mat\u00e9rias que tramitam na Casa. Cabe recurso ao Plen\u00e1rio de decis\u00e3o do Presidente da Mesa ou das Comiss\u00f5es.</span></p>\r\n<p><strong>Comiss\u00f5es Permanentes:</strong></p>\r\n<p><strong>&gt; COMISS\u00c3O DE LEGISLA\u00c7\u00c3O, JUSTI\u00c7A E REDA\u00c7\u00c3O FINAL</strong>\u00a0</p>\r\n<table class=\"plain\">\r\n<tbody>\r\n<tr><th><img src=\"https://www.barradoquarai.rs.leg.br/imagens/Rick_mini25.png\" alt=\"\" class=\"image-inline\" title=\"\" /></th><th><img src=\"https://www.barradoquarai.rs.leg.br/imagens/Iad_mini25.png\" alt=\"\" class=\"image-inline\" title=\"\" /></th><th><img src=\"https://www.barradoquarai.rs.leg.br/imagens/edenilson-mini.jpg\" alt=\"edenilson-mini.jpg\" class=\"image-inline\" title=\"edenilson-mini.jpg\" /></th></tr>\r\n<tr>\r\n<td>\r\n<p>Rick Mossi</p>\r\n<p>Relator</p>\r\n</td>\r\n<td>\r\n<p>Iad Choli</p>\r\n<p>Presidente</p>\r\n</td>\r\n<td>\r\n<p>Edenilson Brazeiro</p>\r\n<p>Vice-Presidente</p>\r\n</td>\r\n</tr>\r\n</tbody>\r\n</table>\r\n<p><strong><br />&gt; COMISS\u00c3O DE FINAN\u00c7AS, OR\u00c7AMENTO E CONTAS P\u00daBLICAS</strong>\u00a0</p>\r\n<table class=\"plain\">\r\n<tbody>\r\n<tr><th><img src=\"https://www.barradoquarai.rs.leg.br/imagens/Carlinho_mini25.png\" alt=\"\" class=\"image-inline\" title=\"\" /></th><th><img src=\"https://www.barradoquarai.rs.leg.br/imagens/Diego_mini25.png\" alt=\"\" class=\"image-inline\" title=\"\" /></th><th><img src=\"https://www.barradoquarai.rs.leg.br/imagens/Danilo_mini25.png\" alt=\"\" class=\"image-inline\" title=\"\" /></th></tr>\r\n<tr>\r\n<td>\r\n<p>Carlos Alberto</p>\r\n<p>Relator</p>\r\n</td>\r\n<td>\r\n<p>Diego Saldanha</p>\r\n<p>Presidente</p>\r\n</td>\r\n<td>\r\n<p>Danilo Rodrigues</p>\r\n<p>Vice-Presidente</p>\r\n</td>\r\n</tr>\r\n</tbody>\r\n</table>\r\n<p><strong><br />&gt; COMISS\u00c3O DE ASSUNTOS MUNICIPAIS</strong>\u00a0</p>\r\n<table class=\"plain\">\r\n<tbody>\r\n<tr><th><img src=\"https://www.barradoquarai.rs.leg.br/imagens/Junior_minimini.png\" alt=\"\" class=\"image-inline\" title=\"\" /></th><th><img src=\"https://www.barradoquarai.rs.leg.br/imagens/Danilo_mini25.png\" alt=\"\" class=\"image-inline\" title=\"\" /></th><th><img src=\"https://www.barradoquarai.rs.leg.br/imagens/Fernando_mini01.jpeg\" alt=\"\" class=\"image-inline\" title=\"\" /></th></tr>\r\n<tr>\r\n<td>\r\n<p>Junior Galv\u00e3o</p>\r\n<p>Relator</p>\r\n</td>\r\n<td>\r\n<p>Danilo Rodrigues</p>\r\n<p>Presidente</p>\r\n</td>\r\n<td>\r\n<p>Fernando Alonso</p>\r\n<p>Vice-Presidente</p>\r\n</td>\r\n</tr>\r\n</tbody>\r\n</table>\r\n<p><br />As Comiss\u00f5es Permanentes s\u00e3o compostas de tr\u00eas membros cada uma. Cabe as Comiss\u00f5es, conforme a mat\u00e9ria, analisar e emitir parecer antes de sua inclus\u00e3o na ordem do dia para discuss\u00e3o e vota\u00e7\u00e3o pelo Plen\u00e1rio.</p>\r\n<p><strong>Bancadas:</strong> Os partidos pol\u00edticos, com representa\u00e7\u00e3o na C\u00e2mara, t\u00eam sua respectiva bancada, composta por seus vereadores, Cada bancada tem um vereador l\u00edder que a representa.\u00a0</p>\r\n<p><span>E as reuni\u00f5es das Comiss\u00f5es Permanentes, como e quando acontecem?</span></p>\r\n<p>&gt; Comiss\u00e3o de Constitui\u00e7\u00e3o, Justi\u00e7a e Reda\u00e7\u00e3o: segunda-feira, \u00e0s 18h</p>\r\n<p>&gt; Comiss\u00e3o de Finan\u00e7as e Or\u00e7amento: segunda-feira, \u00e0s 18h</p>\r\n<p>&gt; Comiss\u00e3o de Assuntos Municipais: segunda-feira, \u00e0s 18h</p>\r\n<p>As reuni\u00f5es das Comiss\u00f5es Permanentes s\u00e3o p\u00fablicas podendo ser acompanhadas por qualquer cidad\u00e3o interessado. As reuni\u00f5es ordin\u00e1rias ocorrem todas as segundas-feiras, nos hor\u00e1rios acima divulgados, tendo por local o Plen\u00e1rio da C\u00e2mara, e as extraordin\u00e1rias ocorrem quando convocadas por necessidade urgente. No caso de n\u00e3o haver proposi\u00e7\u00e3o em tramita\u00e7\u00e3o para ser apreciada pela Comiss\u00e3o, esta poder\u00e1 suspender a realiza\u00e7\u00e3o da reuni\u00e3o semanal.</p>\r\n<p>\u00c9 importante ressaltar, que todos os Projetos de Lei, de Resolu\u00e7\u00e3o e de Decretos, aceitos pela Mesa, passam pelas Comiss\u00f5es pertinentes, para an\u00e1lise e parecer, e s\u00f3 ent\u00e3o s\u00e3o submetidos \u00e0 discuss\u00e3o e vota\u00e7\u00e3o em plen\u00e1rio.</p>\r\n<p><strong>Como s\u00e3o desenvolvidos os trabalhos na C\u00e2mara de Vereadores?</strong></p>\r\n<p>Basicamente, os trabalhos oficiais da C\u00e2mara Municipal s\u00e3o realizados nas sess\u00f5es plen\u00e1rias e nas reuni\u00f5es das comiss\u00f5es.</p>\r\n<p><strong>Que tipos de sess\u00f5es existem?</strong></p>\r\n<p><strong>Sess\u00f5es Plen\u00e1rias Ordin\u00e1rias:</strong> Acontecem todas as segundas-feiras, com in\u00edcio \u00e0s 19h30min, exceto feriados. As sess\u00f5es ordin\u00e1rias s\u00e3o divididas em cinco partes, a saber: Leitura do Expediente; Pequeno Expediente; Grande Expediente; Ordem do Dia, e Explica\u00e7\u00f5es Pessoais. Nas sess\u00f5es plen\u00e1rias ordin\u00e1rias s\u00e3o apresentados, discutidos, apreciados e votados Projetos de Lei, de Resolu\u00e7\u00f5es, de Decretos e Requerimentos, al\u00e9m da apresenta\u00e7\u00e3o de Projetos de Lei do Executivo e do Legislativo, Projetos de Resolu\u00e7\u00f5es e Decretos, Pedidos de Provid\u00eancias e de Informa\u00e7\u00f5es, Votos de Congratula\u00e7\u00f5es e de Votos de Pesar, al\u00e9m da leitura das correspond\u00eancias recebidas pela C\u00e2mara Municipal.</p>\r\n<p><strong>Sess\u00f5es Plen\u00e1rias Extraordin\u00e1rias:</strong> S\u00e3o as realizadas em hor\u00e1rios diversos dos fixados para as sess\u00f5es plen\u00e1rias ordin\u00e1rias, mediante convoca\u00e7\u00e3o, para aprecia\u00e7\u00e3o de mat\u00e9ria em Ordem do Dia. Normalmente as sess\u00f5es plen\u00e1rias extraordin\u00e1rias acontecem quando h\u00e1 necessidade de vota\u00e7\u00e3o urgente de projetos.</p>\r\n<p><strong>Sess\u00f5es Solenes:</strong> S\u00e3o as convocadas para a realiza\u00e7\u00e3o de homenagens.</p>\r\n<p><strong>Quais os tipos de proposi\u00e7\u00f5es que podem tramitar na C\u00e2mara Municipal?</strong></p>\r\n<p><strong>Proposta de Emenda \u00e0 Lei Org\u00e2nica Municipal:</strong> Trata-se de proposta de altera\u00e7\u00e3o da Lei Org\u00e2nica Municipal que, se aprovada em dois turnos de vota\u00e7\u00e3o com voto favor\u00e1vel de dois ter\u00e7os dos membros da C\u00e2mara em cada uma das vota\u00e7\u00f5es, ser\u00e1 promulgada por seu Presidente</p>\r\n<p><strong>Projetos de Lei:</strong> \u00c9 a proposi\u00e7\u00e3o, sujeita \u00e0 san\u00e7\u00e3o do Prefeito, que disciplina mat\u00e9ria de compet\u00eancia do Munic\u00edpio. Pode ser de autoria do Executivo, do Legislativo, ou de 5% do eleitorado do Munic\u00edpio, salvo nos casos de compet\u00eancia exclusiva.</p>\r\n<p><strong>Projeto de Decreto Legislativo:</strong> \u00c9 a proposi\u00e7\u00e3o de iniciativa do Legislativo, que produz efeitos externos. \u00c9 promulgado pelo Presidente da C\u00e2mara. Ex.: Projeto de Decreto Legislativo que disp\u00f5e sobre a aprova\u00e7\u00e3o das contas p\u00fablicas do Prefeito Municipal.</p>\r\n<p><strong>Projeto de Resolu\u00e7\u00e3o:</strong> \u00c9 a proposi\u00e7\u00e3o de iniciativa do Legislativo, que produz efeitos internos. \u00c9 promulgado pelo Presidente da C\u00e2mara. Ex.: Projeto de Resolu\u00e7\u00e3o que disp\u00f5e sobre a organiza\u00e7\u00e3o dos servi\u00e7os administrativos da C\u00e2mara Municipal.</p>\r\n<p><strong>Emendas:</strong> \u00c9 a proposi\u00e7\u00e3o apresentada como acess\u00f3ria de outra, podendo ser: Supressiva - a que manda erradicar qualquer parte principal; Substitutiva - a que \u00e9 apresentada como suced\u00e2nea de outra, como um todo; Aditiva - a que acrescenta novas disposi\u00e7\u00f5es \u00e0 principal; e, Modificativa - a que altera a proposi\u00e7\u00e3o principal.</p>\r\n<p><strong>Pedidos de Provid\u00eancias:</strong> S\u00e3o proposi\u00e7\u00f5es que destinam-se a propor ao Poder Executivo medidas de ordem pol\u00edtico-administrativa, bem como a execu\u00e7\u00e3o de obras e servi\u00e7os de interesse da coletividade. Servindo, tamb\u00e9m, para o vereador solicitar a manifesta\u00e7\u00e3o da C\u00e2mara acerca de determinado assunto, visando a elabora\u00e7\u00e3o de projeto sobre mat\u00e9ria de compet\u00eancia do Legislativo.</p>\r\n<p><strong>Pedido de Informa\u00e7\u00f5es:</strong> \u00c9 formulado por vereador e tem como objetivo obter esclarecimentos sobre fato determinado ocorrido na circunscri\u00e7\u00e3o da Administra\u00e7\u00e3o P\u00fablica Municipal.</p>\r\n<p><strong>Requerimento:</strong> \u00c9 a proposi\u00e7\u00e3o dirigida \u00e0 Mesa ou ao Presidente, por qualquer vereador ou comiss\u00e3o, sobre mat\u00e9ria de compet\u00eancia da C\u00e2mara Municipal. Ex.: Votos de congratula\u00e7\u00f5es.</p>\r\n<p><strong>Mo\u00e7\u00e3o:</strong> \u00c9 a proposi\u00e7\u00e3o contendo proposta sobre o estudo de uma quest\u00e3o. Ex.: Mo\u00e7\u00e3o de Apoio e Mo\u00e7\u00e3o de Rep\u00fadio.</p>\r\n<p><strong>Quais os passos a percorrer para que um \"Projeto\" se transforme em \"Lei\"?</strong></p>\r\n<p>Para que um projeto de lei seja aprovado h\u00e1 um caminho a percorrer, conforme veremos a seguir:</p>\r\n<p>&gt; Primeiramente ele \u00e9 recebido pela Dire\u00e7\u00e3o Geral da C\u00e2mara, onde \u00e9 protocolado, ou seja, \u00e9 registrado o seu recebimento.</p>\r\n<p>&gt; Ap\u00f3s, o projeto \u00e9 lido no Expediente da Sess\u00e3o Plen\u00e1ria, e \u00e9 encaminhado para as Comiss\u00f5es pertinentes para an\u00e1lise e parecer. O Projeto \u00e9 publicado no quadro de avisos da C\u00e2mara e no seu portal na internet. Cada Comiss\u00e3o que deva analisar a mat\u00e9ria, tem prazo de 7 dias para apresentar o parecer. Elas estudam o que est\u00e1 sendo proposto, podendo solicitar esclarecimentos ao autor da mat\u00e9ria, ouvir a comunidade sobre o assunto ou requerer pareceres t\u00e9cnicos. Os pareceres das comiss\u00f5es servem de base para os demais vereadores se posicionarem sobre a mat\u00e9ria.</p>\r\n<p>&gt; A cargo do Presidente, quando o projeto retorna das comiss\u00f5es, vai para a ordem do dia da sess\u00e3o plen\u00e1ria seguinte.</p>\r\n<p>&gt; Na Ordem do Dia o projeto \u00e9 discutido em plen\u00e1rio e ap\u00f3s vai para vota\u00e7\u00e3o.</p>\r\n<p>&gt; Votado o projeto, se rejeitado \u00e9 arquivado, Se aprovado \u00e9 encaminhado ao Executivo para san\u00e7\u00e3o.</p>\r\n<p>&gt; Se o Prefeito concordar com o projeto ele o sanciona, transformando-o em lei. Se ele n\u00e3o concordar com o projeto pode vet\u00e1-lo, no todo ou em parte.</p>\r\n<p>&gt; A mat\u00e9ria vetada volta \u00e0 C\u00e2mara para ser apreciado o veto. Aceito o veto do Prefeito, o projeto \u00e9 arquivado. Por\u00e9m, se a C\u00e2mara derruba o veto do Prefeito, a mat\u00e9ria volta ao Executivo para san\u00e7\u00e3o. Se o Prefeito n\u00e3o sancionar no prazo regimental, caber\u00e1 ao Presidente da C\u00e2mara faz\u00ea-lo.</p>\r\n<p><strong>Participa\u00e7\u00e3o Popular</strong></p>\r\n<p>De que forma acontece a participa\u00e7\u00e3o popular junto \u00e0 C\u00e2mara de Vereadores?</p>\r\n<p>As sess\u00f5es plen\u00e1rias e as reuni\u00f5es das comiss\u00f5es s\u00e3o abertas ao p\u00fablico, podendo assistir qualquer pessoa que tiver interesse, independente de convite espec\u00edfico. Acompanhando as sess\u00f5es e as reuni\u00f5es das comiss\u00f5es voc\u00ea tomar\u00e1 conhecimento de todas as mat\u00e9rias que tramitam no legislativo e estar\u00e1 exercendo a cidadania.</p>\r\n<p><strong>Audi\u00eancias P\u00fablicas</strong></p>\r\n<p>Cada comiss\u00e3o poder\u00e1 realizar audi\u00eancias p\u00fablicas com as entidades da sociedade civil e a comunidade em geral, para instruir mat\u00e9ria legislativa em tr\u00e2mite, bem como para tratar de assunto de interesse p\u00fablico relevante. As audi\u00eancias p\u00fablicas s\u00e3o obrigat\u00f3rias em casos como a aprecia\u00e7\u00e3o das leis or\u00e7ament\u00e1rias, para assegurar a participa\u00e7\u00e3o da sociedade no processo de discuss\u00e3o das mesmas.</p>\r\n<p><strong>Ficou alguma d\u00favida?</strong></p>\r\n<p>Entre em contato com a C\u00e2mara, clicando em \"Acesso\" no lado superior esquerdo do portal e encaminhe sua solicita\u00e7\u00e3o de esclarecimentos.</p>\r\n<p><strong>Pretende reclamar, sugerir, denunciar, solicitar ou elogiar?</strong></p>\r\n<p>Use a Ouvidoria da C\u00e2mara. Clique em \"Ouvidoria\" na barra superior do portal, preencha o formul\u00e1rio e envie para a C\u00e2mara, anote o n\u00famero do protocolo para acompanhar a tramita\u00e7\u00e3o do mesmo.\u00a0Se preferir, entrar em contato via telefone (55) 98121-1848 ou presencialmente nas segundas-feiras, das 8h \u00e0s 12h30.\u00a0</p>", "author_name": "Interlegis", "version": "1.0", "author_url": "https://www.barradoquarai.rs.leg.br/author/Interlegis", "provider_name": "C\u00e2mara Municipal de Barra do Quara\u00ed-RS", "type": "rich"}