{"provider_url": "https://www.barradoquarai.rs.leg.br", "title": "V\u00eddeos 2023", "html": "<h2>ACESSO AOS V\u00cdDEOS DAS SESS\u00d5ES PLEN\u00c1RIAS DA C\u00c2MARA MUNICIPAL 2023</h2>\r\n<p>\u00a0</p>\r\n<p>\u00a0</p>\r\n<table class=\"plain\">\r\n<tbody>\r\n<tr><th>DATAS DOS V\u00cdDEOS DA SESS\u00d5ES PLEN\u00c1RIAS ANO 2023</th><th>DATAS DOS V\u00cdDEOS DAS SESS\u00d5ES PLEN\u00c1RIAS ANO 2023</th></tr>\r\n<tr>\r\n<td><a class=\"external-link\" href=\"https://www.facebook.com/vereadoresbarradoquarai/videos/1025616095507681\" target=\"_self\" title=\"\">&gt;&gt;09/01/2023 - Sess\u00e3o Extra. da C\u00e2mara n\u00ba 01/2023</a>\u00a0</td>\r\n<td><a class=\"external-link\" href=\"https://www.facebook.com/vereadoresbarradoquarai/videos/330736976478803\" target=\"_self\" title=\"\">&gt;&gt;11/12/2023 - Sess\u00e3o Ordin\u00e1ria da C\u00e2mara n\u00ba 40/2023</a></td>\r\n</tr>\r\n<tr>\r\n<td><a class=\"external-link\" href=\"https://www.facebook.com/vereadoresbarradoquarai/videos/717296083091235\" target=\"_self\" title=\"\">&gt;&gt;02/02/2023 - Sess\u00e3o Extra. da C\u00e2mara n\u00ba 02/2023</a>\u00a0</td>\r\n<td><a class=\"external-link\" href=\"https://www.facebook.com/vereadoresbarradoquarai/videos/344472814891448\" target=\"_self\" title=\"\">&gt;&gt;11/12/2023 - Sess\u00e3o Extra. da C\u00e2mara n\u00ba 22/2023</a></td>\r\n</tr>\r\n<tr>\r\n<td><a class=\"external-link\" href=\"https://www.facebook.com/vereadoresbarradoquarai/videos/1236362583901671\" target=\"_self\" title=\"\">&gt;&gt;06/02/2023 - Sess\u00e3o Ordin\u00e1ria da C\u00e2mara n\u00ba 01/2023</a></td>\r\n<td><a class=\"external-link\" href=\"https://www.facebook.com/vereadoresbarradoquarai/videos/2549834135166599\" target=\"_self\" title=\"\">&gt;&gt;15/12/2023 - Sess\u00e3o Extra. da C\u00e2mara n\u00ba 23/2023</a></td>\r\n</tr>\r\n<tr>\r\n<td><a class=\"external-link\" href=\"https://www.facebook.com/vereadoresbarradoquarai/videos/1035222361214423\" target=\"_self\" title=\"\">&gt;&gt;13/02/2023 - Sess\u00e3o Ordin\u00e1ria da C\u00e2mara n\u00ba 02/2023</a></td>\r\n<td><a class=\"external-link\" href=\"https://www.facebook.com/vereadoresbarradoquarai/videos/1517240965512295\" target=\"_self\" title=\"\">&gt;&gt;27/12/2023 - Sess\u00e3o Extra. da C\u00e2mara n\u00ba 24/2023</a></td>\r\n</tr>\r\n<tr>\r\n<td><a class=\"external-link\" href=\"https://www.facebook.com/vereadoresbarradoquarai/videos/1024857155140067\" target=\"_self\" title=\"\">&gt;&gt;13/02/2023 - Sess\u00e3o Extra. da C\u00e2mara n\u00ba 03/2023</a>\u00a0</td>\r\n<td><a class=\"external-link\" href=\"https://www.facebook.com/vereadorfernandoalonso/videos/645016653379572\" target=\"_self\" title=\"\">&gt;&gt;</a></td>\r\n</tr>\r\n<tr>\r\n<td><a class=\"external-link\" href=\"https://www.facebook.com/vereadoresbarradoquarai/videos/752220496513585\" target=\"_self\" title=\"\">&gt;&gt;27/02/2023 - Sess\u00e3o Ordin\u00e1ria da C\u00e2mara n\u00ba 03/2023</a></td>\r\n<td><a class=\"external-link\" href=\"https://www.facebook.com/vereadoresbarradoquarai/videos/515483086764603\" target=\"_self\" title=\"\">&gt;&gt;</a></td>\r\n</tr>\r\n<tr>\r\n<td><a class=\"external-link\" href=\"https://www.facebook.com/vereadoresbarradoquarai/videos/968718314110912\" target=\"_self\" title=\"\">&gt;&gt;27/02/2023 - Sess\u00e3o Extra. da C\u00e2mara n\u00ba 04/2023</a></td>\r\n<td><a class=\"external-link\" href=\"https://www.facebook.com/vereadorfernandoalonso/videos/645016653379572\" target=\"_self\" title=\"\">&gt;&gt;</a></td>\r\n</tr>\r\n<tr>\r\n<td><a class=\"external-link\" href=\"https://www.facebook.com/vereadoresbarradoquarai/videos/1033478321156475\" target=\"_self\" title=\"\">&gt;&gt;06/03/2023 - Sess\u00e3o Ordin\u00e1ria da C\u00e2mara n\u00ba 04/2023</a></td>\r\n<td><a class=\"external-link\" href=\"https://www.facebook.com/vereadoresbarradoquarai/videos/341312214709304\" target=\"_self\" title=\"\">&gt;&gt;</a></td>\r\n</tr>\r\n<tr>\r\n<td><a class=\"external-link\" href=\"https://www.facebook.com/vereadoresbarradoquarai/videos/1198237757540625\" target=\"_self\" title=\"\">&gt;&gt;06/03/2023 - Sess\u00e3o Extra. da C\u00e2mara n\u00ba 05/2023</a></td>\r\n<td><a class=\"external-link\" href=\"https://www.facebook.com/vereadoresbarradoquarai/videos/3100661286869074\" target=\"_self\" title=\"\">&gt;&gt;</a></td>\r\n</tr>\r\n<tr>\r\n<td><a class=\"external-link\" href=\"https://www.facebook.com/vereadoresbarradoquarai/videos/1314696132412082\" target=\"_self\" title=\"\">&gt;&gt;13/03/2023 - Sess\u00e3o Ordin\u00e1ria da C\u00e2mara n\u00ba 05/2023</a></td>\r\n<td><a class=\"external-link\" href=\"https://www.facebook.com/vereadoresbarradoquarai/videos/3204001119823012\" target=\"_self\" title=\"\">&gt;&gt;</a></td>\r\n</tr>\r\n<tr>\r\n<td><a class=\"external-link\" href=\"https://www.facebook.com/vereadoresbarradoquarai/videos/165210349665423\" target=\"_self\" title=\"\">&gt;&gt;13/03/2023 - Sess\u00e3o Extra. da C\u00e2mara n\u00ba 06/2023</a></td>\r\n<td><a class=\"external-link\" href=\"https://www.facebook.com/alonso.luisfernando/videos/960334721295674\" target=\"_self\" title=\"\">&gt;&gt;</a></td>\r\n</tr>\r\n<tr>\r\n<td><a class=\"external-link\" href=\"https://www.facebook.com/vereadoresbarradoquarai/videos/572118134883404\" target=\"_self\" title=\"\">&gt;&gt;20/03/2023 - Sess\u00e3o Ordin\u00e1ria da C\u00e2mara n\u00ba 06/2023</a></td>\r\n<td><a class=\"external-link\" href=\"https://www.facebook.com/vereadoresbarradoquarai/videos/691280682065556\" target=\"_self\" title=\"\">&gt;&gt;</a></td>\r\n</tr>\r\n<tr>\r\n<td><a class=\"external-link\" href=\"https://www.facebook.com/vereadoresbarradoquarai/videos/597107468969972\" target=\"_self\" title=\"\">&gt;&gt;27/03/2023 - Sess\u00e3o Ordin\u00e1ria da C\u00e2mara n\u00ba 07/2023</a></td>\r\n<td><a class=\"external-link\" href=\"https://www.facebook.com/vereadoresbarradoquarai/videos/522071156152831\" target=\"_self\" title=\"\">&gt;&gt;</a></td>\r\n</tr>\r\n<tr>\r\n<td><a class=\"external-link\" href=\"https://www.facebook.com/vereadoresbarradoquarai/videos/763839688639291\" target=\"_self\" title=\"\">&gt;&gt;27/03/2023 - Sess\u00e3o Extra. da C\u00e2mara n\u00ba 07/2023</a></td>\r\n<td><a class=\"external-link\" href=\"https://www.facebook.com/vereadoresbarradoquarai/videos/397999045661339\" target=\"_self\" title=\"\">&gt;&gt;</a></td>\r\n</tr>\r\n<tr>\r\n<td><a class=\"external-link\" href=\"https://www.instagram.com/p/CqmBWpTp8Py/?utm_source=ig_web_copy_link&amp;fbclid=IwAR1Pl_gwBRsYBTjUrns7GVf-af8yS0rCNHQmbvRKxVk0BFzPJgm85jTqz0U\" target=\"_self\" title=\"\">&gt;&gt;03/04/2023 - Sess\u00e3o Ordin\u00e1ria da C\u00e2mara n\u00ba 08/2023</a></td>\r\n<td><a class=\"external-link\" href=\"https://www.facebook.com/vereadoresbarradoquarai/videos/512254813859061\" target=\"_self\" title=\"\">&gt;&gt;</a></td>\r\n</tr>\r\n<tr>\r\n<td><a class=\"external-link\" href=\"https://www.facebook.com/vereadoresbarradoquarai/videos/1252992152090053\" target=\"_self\" title=\"\">&gt;&gt;10/04/2023 - Sess\u00e3o Ordin\u00e1ria da C\u00e2mara n\u00ba 09/2023</a></td>\r\n<td><a class=\"external-link\" href=\"https://www.facebook.com/vereadoresbarradoquarai/videos/401647538128008\" target=\"_self\" title=\"\">&gt;&gt;</a></td>\r\n</tr>\r\n<tr>\r\n<td><a class=\"external-link\" href=\"https://www.facebook.com/vereadoresbarradoquarai/videos/691147383010950\" target=\"_self\" title=\"\">&gt;&gt;17/04/2023 - Sess\u00e3o Ordin\u00e1ria da C\u00e2mara n\u00ba 10/2023</a></td>\r\n<td><a class=\"external-link\" href=\"https://www.facebook.com/vereadoresbarradoquarai/videos/5052186641502162\" target=\"_self\" title=\"\">&gt;&gt;</a></td>\r\n</tr>\r\n<tr>\r\n<td><a class=\"external-link\" href=\"https://www.facebook.com/vereadoresbarradoquarai/videos/238791095374732\" target=\"_self\" title=\"\">&gt;&gt;17/04/2023 - Sess\u00e3o Extra. da C\u00e2mara n\u00ba 08/2023</a></td>\r\n<td><a class=\"external-link\" href=\"https://www.facebook.com/vereadoresbarradoquarai/videos/958314071793746\" target=\"_self\" title=\"\">&gt;&gt;</a></td>\r\n</tr>\r\n<tr>\r\n<td><a class=\"external-link\" href=\"https://www.facebook.com/vereadoresbarradoquarai/videos/562979042605822\" target=\"_self\" title=\"\">&gt;&gt;25/04/2023 - Sess\u00e3o Ordin\u00e1ria da C\u00e2mara n\u00ba11/2023</a>\u00a0</td>\r\n<td><a class=\"external-link\" href=\"https://www.facebook.com/vereadoresbarradoquarai/videos/677020890076583\" target=\"_self\" title=\"\">&gt;&gt;</a></td>\r\n</tr>\r\n<tr>\r\n<td><a class=\"external-link\" href=\"https://www.facebook.com/vereadoresbarradoquarai/videos/241033335255225\" target=\"_self\" title=\"\">&gt;&gt;27/04/2023 - Sess\u00e3o Extra. da C\u00e2mara n\u00ba 09/2023</a></td>\r\n<td><a class=\"external-link\" href=\"https://www.facebook.com/vereadoresbarradoquarai/videos/733780030996496\" target=\"_self\" title=\"\">&gt;&gt;</a></td>\r\n</tr>\r\n<tr>\r\n<td><a class=\"external-link\" href=\"https://www.facebook.com/vereadoresbarradoquarai/videos/960797731613861\" target=\"_self\" title=\"\">&gt;&gt;08/05/2023 - Sess\u00e3o Ordin\u00e1ria da C\u00e2mara n\u00ba 12/2023</a></td>\r\n<td><a class=\"external-link\" href=\"https://www.facebook.com/vereadoresbarradoquarai/videos/327160882894771\" target=\"_self\" title=\"\">&gt;&gt;</a></td>\r\n</tr>\r\n<tr>\r\n<td><a class=\"external-link\" href=\"https://www.facebook.com/vereadoresbarradoquarai/videos/194342096846181\" target=\"_self\" title=\"\">&gt;&gt;15/05/2023 - Sess\u00e3o Ordin\u00e1ria da C\u00e2mara n\u00ba 13/2023</a></td>\r\n<td><a class=\"external-link\" href=\"https://www.facebook.com/vereadoresbarradoquarai/videos/1620397074990707\" target=\"_self\" title=\"\">&gt;&gt;</a></td>\r\n</tr>\r\n<tr>\r\n<td><a class=\"external-link\" href=\"https://www.facebook.com/vereadoresbarradoquarai/videos/572774334988356\" target=\"_self\" title=\"\">&gt;&gt;22/05/2023 - Sess\u00e3o Ordin\u00e1ria da C\u00e2mara n\u00ba 14/2023</a></td>\r\n<td><a class=\"external-link\" href=\"https://www.facebook.com/vereadoresbarradoquarai/videos/742644810089692\" target=\"_self\" title=\"\">&gt;&gt;</a></td>\r\n</tr>\r\n<tr>\r\n<td><a class=\"external-link\" href=\"https://www.facebook.com/vereadoresbarradoquarai/videos/212573018304146\" target=\"_self\" title=\"\">&gt;&gt;29/05/2023 - Sess\u00e3o Ordin\u00e1ria da C\u00e2mara n\u00ba 15/2023</a><a class=\"external-link\" href=\"https://www.facebook.com/vereadoresbarradoquarai/videos/340712900760503\" target=\"_self\" title=\"\"></a></td>\r\n<td><a class=\"external-link\" href=\"https://www.facebook.com/vereadoresbarradoquarai/videos/5460344520677465\" target=\"_self\" title=\"\">&gt;&gt;</a></td>\r\n</tr>\r\n<tr>\r\n<td><a class=\"external-link\" href=\"https://www.facebook.com/vereadoresbarradoquarai/videos/1275341576704787\" target=\"_self\" title=\"\">&gt;&gt;05/06/2023 - Sess\u00e3o Ordin\u00e1ria da C\u00e2mara n\u00ba 16/2023</a></td>\r\n<td><a class=\"external-link\" href=\"https://www.facebook.com/vereadoresbarradoquarai/videos/1219615688805758\" target=\"_self\" title=\"\">&gt;&gt;</a></td>\r\n</tr>\r\n<tr>\r\n<td><a class=\"external-link\" href=\"https://www.facebook.com/vereadoresbarradoquarai/videos/874443037735790\" target=\"_self\" title=\"\">&gt;&gt;05/06/2023 - Sess\u00e3o Extra. da C\u00e2mara n\u00ba 10/2023</a></td>\r\n<td><a class=\"external-link\" href=\"https://www.facebook.com/vereadoresbarradoquarai/videos/1063942901163277\" target=\"_self\" title=\"\">&gt;&gt;</a></td>\r\n</tr>\r\n<tr>\r\n<td><a class=\"external-link\" href=\"https://www.facebook.com/vereadoresbarradoquarai/videos/3604776569745738\" target=\"_self\" title=\"\">&gt;&gt;12/06/2023 - Sess\u00e3o Ordin\u00e1ria da C\u00e2mara n\u00ba 17/2023</a></td>\r\n<td><a class=\"external-link\" href=\"https://www.facebook.com/vereadoresbarradoquarai/videos/494891612434488\" target=\"_self\" title=\"\">&gt;&gt;</a></td>\r\n</tr>\r\n<tr>\r\n<td><a class=\"external-link\" href=\"https://www.facebook.com/vereadoresbarradoquarai/videos/654293316717562\" target=\"_self\" title=\"\">&gt;&gt;19/06/2023 - Sess\u00e3o Ordin\u00e1ria da C\u00e2mara n\u00ba 18/2023</a></td>\r\n<td><a class=\"external-link\" href=\"https://www.facebook.com/vereadoresbarradoquarai/videos/992797334728563\" target=\"_self\" title=\"\">&gt;&gt;</a></td>\r\n</tr>\r\n<tr>\r\n<td><a class=\"external-link\" href=\"https://www.facebook.com/vereadoresbarradoquarai/videos/1063598088379048\" target=\"_self\" title=\"\">&gt;&gt;26/06/2023 - Sess\u00e3o Ordin\u00e1ria da C\u00e2mara n\u00ba 19/2023</a></td>\r\n<td><a class=\"external-link\" href=\"https://www.facebook.com/vereadoresbarradoquarai/videos/1315043255687945\" target=\"_self\" title=\"\">&gt;&gt;</a></td>\r\n</tr>\r\n<tr>\r\n<td><a class=\"external-link\" href=\"https://www.facebook.com/vereadoresbarradoquarai/videos/1260314464873830\" target=\"_self\" title=\"\">&gt;&gt;03/07/2023 - Sess\u00e3o Ordin\u00e1ria da C\u00e2mara n\u00ba 20/2023</a></td>\r\n<td><a class=\"external-link\" href=\"https://www.facebook.com/vereadoresbarradoquarai/videos/437854354868280\" target=\"_self\" title=\"\">&gt;&gt;</a></td>\r\n</tr>\r\n<tr>\r\n<td><a class=\"external-link\" href=\"https://www.facebook.com/vereadoresbarradoquarai/videos/1074957967054614\" target=\"_self\" title=\"\">&gt;&gt;10/07/2023 - Sess\u00e3o Ordin\u00e1ria da C\u00e2mara n\u00ba 21/2023</a></td>\r\n<td><a class=\"external-link\" href=\"https://www.facebook.com/vereadoresbarradoquarai/videos/1182989189211596\" target=\"_self\" title=\"\">&gt;&gt;</a></td>\r\n</tr>\r\n<tr>\r\n<td><a class=\"external-link\" href=\"https://www.facebook.com/vereadoresbarradoquarai/videos/2941144912682226\" target=\"_self\" title=\"\">&gt;&gt;14/07/2023 - Sess\u00e3o Extra. da C\u00e2mara n\u00ba 11/2023</a></td>\r\n<td><a class=\"external-link\" href=\"https://www.facebook.com/vereadoresbarradoquarai/videos/1181628712659626\" target=\"_self\" title=\"\">&gt;&gt;</a></td>\r\n</tr>\r\n<tr>\r\n<td><a class=\"external-link\" href=\"https://www.facebook.com/alonso.luisfernando/videos/282897424387753\" target=\"_self\" title=\"\">&gt;&gt;31/07/2023 - Sess\u00e3o Extra. da C\u00e2mara n\u00ba 12/2023</a></td>\r\n<td><a class=\"external-link\" href=\"https://www.instagram.com/tv/Cgu6r0iJ9JN/?utm_source=ig_web_copy_link&amp;fbclid=IwAR0bwN5WLVLyRi9f95UX7n9LvbuL2-mF0Y6rAoz0NsOze7K0TeLNMSggXZ0\" target=\"_self\" title=\"\">&gt;&gt;</a></td>\r\n</tr>\r\n<tr>\r\n<td><a class=\"external-link\" href=\"https://www.facebook.com/vereadoresbarradoquarai/videos/278400144832315\" target=\"_self\" title=\"\">&gt;&gt;07/08/2023 - Sess\u00e3o Ordin\u00e1ria da C\u00e2mara n\u00ba 22/2023</a></td>\r\n<td><a class=\"external-link\" href=\"https://www.facebook.com/vereadoresbarradoquarai/videos/3256301161251110\" target=\"_self\" title=\"\">&gt;&gt;</a></td>\r\n</tr>\r\n<tr>\r\n<td><a class=\"external-link\" href=\"https://www.instagram.com/p/Cv8QSkip5lf/?utm_source=ig_web_button_share_sheet&amp;igshid=MzRlODBiNWFlZA%3D%3D&amp;fbclid=IwAR1kzr08aodWo1roxJillAzfKGbAt6hYSL8sEHK6xhY8PAddN5el9PtbFmY\" target=\"_self\" title=\"\">&gt;&gt;14/08/2023 - Sess\u00e3o Ordin\u00e1ria da C\u00e2mara n\u00ba 23/2023</a></td>\r\n<td><a class=\"external-link\" href=\"https://www.facebook.com/vereadoresbarradoquarai/videos/773399563853598\" target=\"_self\" title=\"\">&gt;&gt;</a></td>\r\n</tr>\r\n<tr>\r\n<td><a class=\"external-link\" href=\"https://www.instagram.com/p/Cv8V99hpqt8/?utm_source=ig_web_copy_link&amp;igshid=MzRlODBiNWFlZA%3D%3D&amp;fbclid=IwAR1HGd4A6tgZZ0xbBxFKmTO5He36mY-FZFqx5J2OjvdMOzQYmrb5F1wCGTA\" target=\"_self\" title=\"\">&gt;&gt;14/08/2023 - Sess\u00e3o Extra. da C\u00e2mara n\u00ba 13/2023</a></td>\r\n<td><a class=\"external-link\" href=\"https://www.facebook.com/vereadoresbarradoquarai/videos/335622692024575\" target=\"_self\" title=\"\">&gt;&gt;</a></td>\r\n</tr>\r\n<tr>\r\n<td><a class=\"external-link\" href=\"https://www.facebook.com/vereadoresbarradoquarai/videos/154696457668663\" target=\"_self\" title=\"\">&gt;&gt;21/08/2023 - Sess\u00e3o Ordin\u00e1ria da C\u00e2mara n\u00ba 24/2023</a></td>\r\n<td><a class=\"external-link\" href=\"https://www.facebook.com/vereadoresbarradoquarai/videos/762189044832817\" target=\"_self\" title=\"\">&gt;&gt;</a></td>\r\n</tr>\r\n<tr>\r\n<td><a class=\"external-link\" href=\"https://www.facebook.com/vereadoresbarradoquarai/videos/1012514786451182\" target=\"_self\" title=\"\">&gt;&gt;28/08/2023 - Sess\u00e3o Ordin\u00e1ria da C\u00e2mara n\u00ba 25/2023</a></td>\r\n<td><a class=\"external-link\" href=\"https://www.facebook.com/vereadoresbarradoquarai/videos/433117952187540\" target=\"_self\" title=\"\">&gt;&gt;</a></td>\r\n</tr>\r\n<tr>\r\n<td><a class=\"external-link\" href=\"https://www.facebook.com/vereadoresbarradoquarai/videos/661218095945168\" target=\"_self\" title=\"\">&gt;&gt;04/09/2023 - Sess\u00e3o Ordin\u00e1ria da C\u00e2mara n\u00ba 26/2023</a></td>\r\n<td><a class=\"external-link\" href=\"https://www.facebook.com/vereadoresbarradoquarai/videos/877998999851890\" target=\"_self\" title=\"\">&gt;&gt;</a></td>\r\n</tr>\r\n<tr>\r\n<td><a class=\"external-link\" href=\"https://www.facebook.com/vereadoresbarradoquarai/videos/1484035605695193\" target=\"_self\" title=\"\">&gt;&gt;04/09/2023 - Sess\u00e3o Extra. da C\u00e2mara n\u00ba 14/2023</a></td>\r\n<td><a class=\"external-link\" href=\"https://www.facebook.com/vereadoresbarradoquarai/videos/408021478119051\" target=\"_self\" title=\"\">&gt;&gt;</a></td>\r\n</tr>\r\n<tr>\r\n<td><a class=\"external-link\" href=\"https://www.facebook.com/vereadoresbarradoquarai/videos/845049277271057\" target=\"_self\" title=\"\">&gt;&gt;08/09/2023 - Sess\u00e3o Extra. da C\u00e2mara n\u00ba 15/2023</a></td>\r\n<td><a class=\"external-link\" href=\"https://www.facebook.com/vereadoresbarradoquarai/videos/1574830739639499\" target=\"_self\" title=\"\">&gt;&gt;</a></td>\r\n</tr>\r\n<tr>\r\n<td><a class=\"external-link\" href=\"https://www.facebook.com/vereadoresbarradoquarai/videos/325380506680339\" target=\"_self\" title=\"\">&gt;&gt;12/09/2023 - Sess\u00e3o Ordin\u00e1ria da C\u00e2mara n\u00ba 27/2023</a></td>\r\n<td><a class=\"external-link\" href=\"https://www.facebook.com/vereadoresbarradoquarai/videos/3476192435950391\" target=\"_self\" title=\"\">&gt;&gt;</a></td>\r\n</tr>\r\n<tr>\r\n<td><a class=\"external-link\" href=\"https://www.facebook.com/vereadoresbarradoquarai/videos/3430371617292711\" target=\"_self\" title=\"\">&gt;&gt;18/09/2023 - Sess\u00e3o Ordin\u00e1ria da C\u00e2mara n\u00ba 28/2023</a></td>\r\n<td><a class=\"external-link\" href=\"https://www.facebook.com/vereadoresbarradoquarai/videos/427804972808082\" target=\"_self\" title=\"\">&gt;&gt;</a></td>\r\n</tr>\r\n<tr>\r\n<td><a class=\"external-link\" href=\"https://www.facebook.com/vereadoresbarradoquarai/videos/621748233363894\" target=\"_self\" title=\"\">&gt;&gt;18/09/2023 - Continua\u00e7\u00e3o Sess\u00e3o n\u00ba 28/2023</a></td>\r\n<td><a class=\"external-link\" href=\"https://www.facebook.com/vereadoresbarradoquarai/videos/1335228620626462\" target=\"_self\" title=\"\">&gt;&gt;</a></td>\r\n</tr>\r\n<tr>\r\n<td><a class=\"external-link\" href=\"https://www.facebook.com/vereadoresbarradoquarai/videos/1650762708755322\" target=\"_self\" title=\"\">&gt;&gt;25/09/2023 - Sess\u00e3o Ordin\u00e1ria da C\u00e2mara n\u00ba 29/2023</a></td>\r\n<td><a class=\"external-link\" href=\"https://www.facebook.com/vereadoresbarradoquarai/videos/5720186681378449\" target=\"_self\" title=\"\">&gt;&gt;</a></td>\r\n</tr>\r\n<tr>\r\n<td><a class=\"external-link\" href=\"https://www.facebook.com/vereadoresbarradoquarai/videos/1255524585145612\" target=\"_self\" title=\"\">&gt;&gt;02/10/2023 - Sess\u00e3o Ordin\u00e1ria da C\u00e2mara n\u00ba 30/2023</a></td>\r\n<td><a class=\"external-link\" href=\"https://www.facebook.com/vereadoresbarradoquarai/videos/2912084952434211\" target=\"_self\" title=\"\">&gt;&gt;</a></td>\r\n</tr>\r\n<tr>\r\n<td><a class=\"external-link\" href=\"https://www.facebook.com/vereadoresbarradoquarai/videos/694590072207759\" target=\"_self\" title=\"\">&gt;&gt;03/10/2023 - Audi\u00eancia P\u00fablica LDO 2024</a></td>\r\n<td><a class=\"external-link\" href=\"https://www.facebook.com/vereadoresbarradoquarai/videos/447747600675964\" target=\"_self\" title=\"\">&gt;&gt;</a></td>\r\n</tr>\r\n<tr>\r\n<td><a class=\"external-link\" href=\"https://www.facebook.com/vereadoresbarradoquarai/videos/252206534030095\" target=\"_self\" title=\"\">&gt;&gt;09/10/2023 - Sess\u00e3o Ordin\u00e1ria da C\u00e2mara n\u00ba 31/2023</a></td>\r\n<td><a class=\"external-link\" href=\"https://www.instagram.com/tv/Cj1NOFKJgC9/?utm_source=ig_web_copy_link&amp;fbclid=IwAR1r27KoWnRYlPrsJD3dGg0E9m4ytHSU0hntUnSWgLtPvj1biX3OURbZ9fg\" target=\"_self\" title=\"\">&gt;&gt;</a></td>\r\n</tr>\r\n<tr>\r\n<td><a class=\"external-link\" href=\"https://www.facebook.com/vereadoresbarradoquarai/videos/676995734496248\" target=\"_self\" title=\"\">&gt;&gt;16/10/2023 - Sess\u00e3o Ordin\u00e1ria da C\u00e2mara n\u00ba 32/2023</a></td>\r\n<td><a class=\"external-link\" href=\"https://www.facebook.com/vereadoresbarradoquarai/videos/800157957878073\" target=\"_self\" title=\"\">&gt;&gt;</a></td>\r\n</tr>\r\n<tr>\r\n<td><a class=\"external-link\" href=\"https://www.facebook.com/vereadoresbarradoquarai/videos/992942092001017\" target=\"_self\" title=\"\">&gt;&gt;16/10/2023 - Sess\u00e3o Extra. da C\u00e2mara n\u00ba 16/2023</a></td>\r\n<td><a class=\"external-link\" href=\"https://www.facebook.com/vereadoresbarradoquarai/videos/1175512443392309\" target=\"_self\" title=\"\">&gt;&gt;</a></td>\r\n</tr>\r\n<tr>\r\n<td><a class=\"external-link\" href=\"https://www.facebook.com/vereadoresbarradoquarai/videos/624462799893883\" target=\"_self\" title=\"\">&gt;&gt;23/10/2023 - Sess\u00e3o Ordin\u00e1ria da c\u00e2mara n\u00ba 33/2023</a></td>\r\n<td><a class=\"external-link\" href=\"https://www.facebook.com/vereadoresbarradoquarai/videos/2481238015508247\" target=\"_self\" title=\"\">&gt;&gt;</a></td>\r\n</tr>\r\n<tr>\r\n<td><a class=\"external-link\" href=\"https://www.facebook.com/vereadoresbarradoquarai/videos/376135644745955\" target=\"_self\" title=\"\">&gt;&gt;23/10/2023 - Sess\u00e3o Extra. da C\u00e2mara n\u00ba 17/2023</a></td>\r\n<td><a class=\"external-link\" href=\"https://www.instagram.com/tv/CkrTEwpJIwA/\" target=\"_self\" title=\"\">&gt;&gt;</a></td>\r\n</tr>\r\n<tr>\r\n<td><a class=\"external-link\" href=\"https://www.facebook.com/vereadoresbarradoquarai/videos/231192513313407\" target=\"_self\" title=\"\">&gt;&gt;30/10/2023 - Sess\u00e3o Ordin\u00e1ria da C\u00e2mara n\u00ba 34/2023</a></td>\r\n<td><a class=\"external-link\" href=\"https://www.facebook.com/vereadoresbarradoquarai/videos/353692290295756\" target=\"_self\" title=\"\">&gt;&gt;</a></td>\r\n</tr>\r\n<tr>\r\n<td><a class=\"external-link\" href=\"https://www.facebook.com/vereadoresbarradoquarai/videos/1791046931330880\" target=\"_self\" title=\"\">&gt;&gt;30/10/2023 - Sess\u00e3o Extra. da C\u00e2mara n\u00ba 18/2023</a></td>\r\n<td><a class=\"external-link\" href=\"https://www.facebook.com/vereadoresbarradoquarai/videos/820742185960482\" target=\"_self\" title=\"\">&gt;&gt;</a></td>\r\n</tr>\r\n<tr>\r\n<td><a class=\"external-link\" href=\"https://www.facebook.com/vereadoresbarradoquarai/videos/348909431150369\" target=\"_self\" title=\"\">&gt;&gt;06/11/2023 - Sess\u00e3o Ordin\u00e1ria da C\u00e2mara n\u00ba 35/2023</a></td>\r\n<td><a class=\"external-link\" href=\"https://www.facebook.com/vereadoresbarradoquarai/videos/685447676273757\" target=\"_self\" title=\"\">&gt;&gt;</a></td>\r\n</tr>\r\n<tr>\r\n<td><a class=\"external-link\" href=\"https://www.facebook.com/vereadoresbarradoquarai/videos/653025313661020\" target=\"_self\" title=\"\">&gt;&gt;08/11/2023 - Sess\u00e3o Extra. da C\u00e2mara n\u00ba 19/2023</a></td>\r\n<td><a class=\"external-link\" href=\"https://www.facebook.com/vereadoresbarradoquarai/videos/457318756585680\" target=\"_self\" title=\"\">&gt;&gt;</a></td>\r\n</tr>\r\n<tr>\r\n<td><a class=\"external-link\" href=\"https://www.facebook.com/vereadoresbarradoquarai/videos/2096424780717228\" target=\"_self\" title=\"\">&gt;&gt;13/11/2023 - Sess\u00e3o Ordin\u00e1ria da C\u00e2mara n\u00ba 36/2023</a></td>\r\n<td><a class=\"external-link\" href=\"https://www.instagram.com/tv/ClzgLP5JG3Y/?utm_source=ig_web_copy_link\" target=\"_self\" title=\"\">&gt;&gt;</a></td>\r\n</tr>\r\n<tr>\r\n<td><a class=\"external-link\" href=\"https://www.facebook.com/vereadoresbarradoquarai/videos/371713561955009\" target=\"_self\" title=\"\">&gt;&gt;20/11/2023 - Sess\u00e3o Ordin\u00e1ria da C\u00e2mara n\u00ba 37/2023</a></td>\r\n<td><a class=\"external-link\" href=\"https://www.facebook.com/vereadoresbarradoquarai/videos/843528523639357\" target=\"_self\" title=\"\">&gt;&gt;</a></td>\r\n</tr>\r\n<tr>\r\n<td><a class=\"external-link\" href=\"https://www.facebook.com/vereadoresbarradoquarai/videos/7639758662720568\" target=\"_self\" title=\"\">&gt;&gt;20/11/2023 - Sess\u00e3o Extra. da C\u00e2mara n\u00ba 20/2023</a></td>\r\n<td><a class=\"external-link\" href=\"https://www.facebook.com/vereadoresbarradoquarai/videos/815225982888401\" target=\"_self\" title=\"\">&gt;&gt;</a></td>\r\n</tr>\r\n<tr>\r\n<td><a class=\"external-link\" href=\"https://www.facebook.com/vereadoresbarradoquarai/videos/3523108604604360\" target=\"_self\" title=\"\">&gt;&gt;27/11/2023 - Sess\u00e3o Ordin\u00e1ria da C\u00e2mara n\u00ba 38/2023</a></td>\r\n<td><a class=\"external-link\" href=\"https://www.facebook.com/vereadoresbarradoquarai/videos/904101390609250\" target=\"_self\" title=\"\">&gt;&gt;</a></td>\r\n</tr>\r\n<tr>\r\n<td><a class=\"external-link\" href=\"https://www.facebook.com/vereadoresbarradoquarai/videos/2388467488006917\" target=\"_self\" title=\"\">&gt;&gt;27/11/2023 - Sess\u00e3o Extra. da C\u00e2mara n\u00ba 21/2023</a></td>\r\n<td><a class=\"external-link\" href=\"https://www.facebook.com/vereadoresbarradoquarai/videos/1372655183551040\" target=\"_self\" title=\"\">&gt;&gt;</a></td>\r\n</tr>\r\n<tr>\r\n<td><a class=\"external-link\" href=\"https://www.facebook.com/vereadoresbarradoquarai/videos/284652481254205\" target=\"_self\" title=\"\">&gt;&gt;04/12/2023 - Sess\u00e3o Ordin\u00e1ria da C\u00e2mara n\u00ba 39/2023</a></td>\r\n<td><a class=\"external-link\" href=\"https://www.facebook.com/vereadoresbarradoquarai/videos/1394709251063944\" target=\"_self\" title=\"\">&gt;&gt;</a></td>\r\n</tr>\r\n</tbody>\r\n</table>\r\n<p>\u00a0</p>\r\n<p>\u00a0</p>", "author_name": "", "version": "1.0", "author_url": "https://www.barradoquarai.rs.leg.br/author/adm", "provider_name": "C\u00e2mara Municipal de Barra do Quara\u00ed-RS", "type": "rich"}