{"provider_url": "https://www.barradoquarai.rs.leg.br", "title": "V\u00eddeos 2024/2025", "html": "<h2>ACESSO AOS V\u00cdDEOS DAS SESS\u00d5ES PLEN\u00c1RIAS DA C\u00c2MARA MUNICIPAL - 2024 - 2025</h2>\r\n<p>\u00a0</p>\r\n<p>\u00a0</p>\r\n<table class=\"plain\">\r\n<tbody>\r\n<tr><th>DATAS DOS V\u00cdDEOS DA SESS\u00d5ES PLEN\u00c1RIAS ANO 2024</th><th>DATAS DOS V\u00cdDEOS DAS SESS\u00d5ES PLEN\u00c1RIAS ANO 2025</th></tr>\r\n<tr>\r\n<td><a class=\"external-link\" href=\"https://www.instagram.com/reel/C12z4uJpoaF/?utm_source=ig_web_copy_link&amp;igsh=MzRlODBiNWFlZA==\" target=\"_self\" title=\"\">&gt;&gt;Sess\u00e3o Extra. da C\u00e2mara n\u00ba 01/2024</a></td>\r\n<td><a class=\"external-link\" href=\"https://www.facebook.com/vereadoresbarradoquarai/videos/528510550212205\" target=\"_self\" title=\"\">&gt;&gt;Sess\u00e3o Extra. da C\u00e2mara n\u00ba 01/2025</a></td>\r\n</tr>\r\n<tr>\r\n<td><a class=\"external-link\" href=\"https://www.facebook.com/vereadoresbarradoquarai/videos/3632631153646886\" target=\"_self\" title=\"\">&gt;&gt;Sess\u00e3o Extra. da C\u00e2mara n\u00ba 02/2024</a></td>\r\n<td><a class=\"external-link\" href=\"https://www.facebook.com/vereadoresbarradoquarai/videos/623551250175643\" target=\"_self\" title=\"\">&gt;&gt;Sess\u00e3o Extra. da C\u00e2mara n\u00b0 02/2025</a></td>\r\n</tr>\r\n<tr>\r\n<td><a class=\"external-link\" href=\"https://www.facebook.com/vereadoresbarradoquarai/videos/766296548769234\" target=\"_self\" title=\"\">&gt;&gt;Sess\u00e3o Ordin\u00e1ria da C\u00e2mara n\u00ba 01/2024</a></td>\r\n<td><a class=\"external-link\" href=\"https://www.facebook.com/vereadoresbarradoquarai/videos/1142292107435011\" target=\"_self\" title=\"\">&gt;&gt;Sess\u00e3o Ordin\u00e1ria da C\u00e2mara n\u00b0 01/2025</a></td>\r\n</tr>\r\n<tr>\r\n<td><a class=\"external-link\" href=\"https://www.facebook.com/vereadoresbarradoquarai/videos/1382943805682791\" target=\"_self\" title=\"\">&gt;&gt;Sess\u00e3o Extra. da C\u00e2mara n\u00ba 03/2024</a></td>\r\n<td><a class=\"external-link\" href=\"https://www.facebook.com/vereadoresbarradoquarai/videos/1000373401979606\" target=\"_self\" title=\"\">&gt;&gt;Sess\u00e3o Ordin\u00e1ria da C\u00e2mara n\u00ba 02/2025</a></td>\r\n</tr>\r\n<tr>\r\n<td><a class=\"external-link\" href=\"https://www.instagram.com/p/C3i-9ZMpb0I/\" target=\"_self\" title=\"\">&gt;&gt;Sess\u00e3o Extra. da C\u00e2mara n\u00ba 04/2024</a></td>\r\n<td><a class=\"external-link\" href=\"https://www.facebook.com/vereadoresbarradoquarai/videos/1164821248486761\" target=\"_self\" title=\"\">&gt;&gt;Sess\u00e3o Extra. da C\u00e2mara n\u00ba 03/2025</a></td>\r\n</tr>\r\n<tr>\r\n<td><a class=\"external-link\" href=\"https://www.instagram.com/reel/C3068GlpSgL/?utm_source=ig_web_copy_link&amp;igsh=MzRlODBiNWFlZA==\" target=\"_self\" title=\"\">&gt;&gt;Sess\u00e3o Ordin\u00e1ria da C\u00e2mara n\u00ba 03/2024</a></td>\r\n<td><a class=\"external-link\" href=\"https://www.instagram.com/p/DGMNwXEJUGS/\" target=\"_self\" title=\"\">&gt;&gt;Sess\u00e3o Ordin\u00e1ria da C\u00e2mara n\u00b0 03/2025</a></td>\r\n</tr>\r\n<tr>\r\n<td><a class=\"external-link\" href=\"https://www.instagram.com/reel/C309il0pFsv/?utm_source=ig_web_copy_link\" target=\"_self\" title=\"\">&gt;&gt;Sess\u00e3o Extra. da C\u00e2mara n\u00ba 05/2024</a></td>\r\n<td><a class=\"external-link\" href=\"https://www.instagram.com/p/DGeNz3apnFU/?next=%2F\" target=\"_self\" title=\"\">&gt;&gt;Sess\u00e3o Ordin\u00e1ria da C\u00e2mara n\u00b0 04/2025</a></td>\r\n</tr>\r\n<tr>\r\n<td><a class=\"external-link\" href=\"https://www.instagram.com/reel/C3093jKJs8u/?utm_source=ig_web_copy_link&amp;igsh=MzRlODBiNWFlZA==\" target=\"_self\" title=\"\">&gt;&gt;Continua\u00e7\u00e3o Extra. da C\u00e2mara n\u00ba 05/2024</a></td>\r\n<td><a class=\"external-link\" href=\"https://www.facebook.com/vereadoresbarradoquarai/videos/1564907607539082\" target=\"_self\" title=\"\">&gt;&gt;Sess\u00e3o Ordin\u00e1ria da C\u00e2mara n\u00ba 05/2025</a></td>\r\n</tr>\r\n<tr>\r\n<td><a class=\"external-link\" href=\"https://www.facebook.com/vereadoresbarradoquarai/videos/1876993156090033\" target=\"_self\" title=\"\">&gt;&gt;Sess\u00e3o Ordin\u00e1ria da C\u00e2mara n\u00ba 04/2024</a></td>\r\n<td><a class=\"external-link\" href=\"https://www.facebook.com/vereadoresbarradoquarai/videos/666654629165403\" target=\"_self\" title=\"\">&gt;&gt;Sess\u00e3o Extra. da C\u00e2mara n\u00ba 04/2025</a></td>\r\n</tr>\r\n<tr>\r\n<td><a class=\"external-link\" href=\"https://www.facebook.com/vereadoresbarradoquarai/videos/1785245818622625\" target=\"_self\" title=\"\">&gt;&gt;Sess\u00e3o Extra. da C\u00e2mara n\u00ba 06/2024</a></td>\r\n<td><a class=\"external-link\" href=\"https://www.facebook.com/vereadoresbarradoquarai/videos/1415774139613604\" target=\"_self\" title=\"\">&gt;&gt;Sess\u00e3o Extra. da C\u00e2mara n\u00ba 05/2025</a></td>\r\n</tr>\r\n<tr>\r\n<td><a class=\"external-link\" href=\"https://www.facebook.com/vereadoresbarradoquarai/videos/1865993943848749\" target=\"_self\" title=\"\">&gt;&gt;Sess\u00e3o Ordin\u00e1ria da C\u00e2mara n\u00ba 05/2024</a></td>\r\n<td><a class=\"external-link\" href=\"https://www.facebook.com/vereadoresbarradoquarai/videos/629519073180116\" target=\"_self\" title=\"\">&gt;&gt;Continua\u00e7\u00e3o Sess\u00e3o Extra. n\u00ba 05/2025</a></td>\r\n</tr>\r\n<tr>\r\n<td><a class=\"external-link\" href=\"https://www.facebook.com/vereadoresbarradoquarai/videos/732360242028430\" target=\"_self\" title=\"\">&gt;&gt;Sess\u00e3o Ordin\u00e1ria da C\u00e2mara n\u00ba 06/2024</a></td>\r\n<td><a class=\"external-link\" href=\"https://www.facebook.com/vereadoresbarradoquarai/videos/518084294356925\" target=\"_self\" title=\"\">&gt;&gt;Sess\u00e3o Ordin\u00e1ria da C\u00e2mara n\u00ba 06/2025</a></td>\r\n</tr>\r\n<tr>\r\n<td><a class=\"external-link\" href=\"https://www.facebook.com/vereadoresbarradoquarai/videos/462377582811253\" target=\"_self\" title=\"\">&gt;&gt;Sess\u00e3o Ordin\u00e1ria da C\u00e2mara n\u00ba 07/2024</a></td>\r\n<td><a class=\"external-link\" href=\"https://www.facebook.com/vereadoresbarradoquarai/videos/1729818954622029\" target=\"_self\" title=\"\">&gt;&gt;Sess\u00e3o Ordin\u00e1ria da C\u00e2mara n\u00ba 07/2025</a></td>\r\n</tr>\r\n<tr>\r\n<td><a class=\"external-link\" href=\"https://www.facebook.com/vereadoresbarradoquarai/videos/748875920644751\" target=\"_self\" title=\"\">&gt;&gt;Sess\u00e3o Extra. da C\u00e2mara n\u00ba 07/2024</a></td>\r\n<td><a class=\"external-link\" href=\"https://www.facebook.com/vereadoresbarradoquarai/videos/1794423521124369\" target=\"_self\" title=\"\">&gt;&gt;Sess\u00e3o Ordin\u00e1ria da C\u00e2mara n\u00ba 08/2025</a></td>\r\n</tr>\r\n<tr>\r\n<td><a class=\"external-link\" href=\"https://www.facebook.com/vereadoresbarradoquarai/videos/924538216122337\" target=\"_self\" title=\"\">&gt;&gt;Sess\u00e3o Ordin\u00e1ria da C\u00e2mara n\u00ba 08/2024</a></td>\r\n<td><a class=\"external-link\" href=\"https://www.facebook.com/vereadoresbarradoquarai/videos/670372052158088\" target=\"_self\" title=\"\">&gt;&gt;Sess\u00e3o Extra. da C\u00e2mara n\u00ba 06/2025</a></td>\r\n</tr>\r\n<tr>\r\n<td><a class=\"external-link\" href=\"https://www.facebook.com/vereadoresbarradoquarai/videos/870496951755290\" target=\"_self\" title=\"\">&gt;&gt;Sess\u00e3o Extra. da C\u00e2mara n\u00ba 08/2024</a></td>\r\n<td><a class=\"external-link\" href=\"https://www.facebook.com/vereadoresbarradoquarai/videos/637010915753308\" target=\"_self\" title=\"\">&gt;&gt;Continua\u00e7\u00e3o Sess\u00e3o Extra. n\u00ba 06/2025</a></td>\r\n</tr>\r\n<tr>\r\n<td><a class=\"external-link\" href=\"https://www.facebook.com/vereadoresbarradoquarai/videos/734554625189930\" target=\"_self\" title=\"\">&gt;&gt;Sess\u00e3o Ordin\u00e1ria da C\u00e2mara n\u00ba 09/2024</a></td>\r\n<td><a class=\"external-link\" href=\"https://www.facebook.com/vereadoresbarradoquarai/videos/973971491596250\" target=\"_self\" title=\"\">&gt;&gt;Sess\u00e3o Ordin\u00e1ria da C\u00e2mara n\u00ba 09/2025</a></td>\r\n</tr>\r\n<tr>\r\n<td><a class=\"external-link\" href=\"https://www.facebook.com/vereadoresbarradoquarai/videos/303948509217871\" target=\"_self\" title=\"\">&gt;&gt;Sess\u00e3o Extra. da C\u00e2mara n\u00ba 09/2024</a></td>\r\n<td><a class=\"external-link\" href=\"https://www.facebook.com/vereadoresbarradoquarai/videos/704443191919972\" target=\"_self\" title=\"\">&gt;&gt;Sess\u00e3o Ordin\u00e1ria da C\u00e2mara n\u00ba 10/2025</a></td>\r\n</tr>\r\n<tr>\r\n<td><a class=\"external-link\" href=\"https://www.facebook.com/vereadoresbarradoquarai/videos/818165323508185\" target=\"_self\" title=\"\">&gt;&gt;Sess\u00e3o Ordin\u00e1ria da C\u00e2mara n\u00ba 10/2024</a></td>\r\n<td><a class=\"external-link\" href=\"https://www.facebook.com/vereadoresbarradoquarai/videos/1199070291682039\" target=\"_self\" title=\"\">&gt;&gt;Sess\u00e3o Ordin\u00e1ria da C\u00e2mara n\u00b0 11/2025</a></td>\r\n</tr>\r\n<tr>\r\n<td><a class=\"external-link\" href=\"https://www.facebook.com/vereadoresbarradoquarai/videos/789396366470330\" target=\"_self\" title=\"\">&gt;&gt;Sess\u00e3o Extra. da C\u00e2mara n\u00ba 10/2024</a></td>\r\n<td><a class=\"external-link\" href=\"https://www.facebook.com/vereadoresbarradoquarai/videos/655059444111491\" target=\"_self\" title=\"\">&gt;&gt;Sess\u00e3o Extra. da C\u00e2mara n\u00b0 07/2025</a></td>\r\n</tr>\r\n<tr>\r\n<td><a class=\"external-link\" href=\"https://www.facebook.com/vereadoresbarradoquarai/videos/348842894860130\" target=\"_self\" title=\"\">&gt;&gt;Sess\u00e3o Ordin\u00e1ria da C\u00e2mara n\u00ba 11/2024</a></td>\r\n<td><a class=\"external-link\" href=\"https://www.facebook.com/vereadoresbarradoquarai/videos/541139269042505\" target=\"_self\" title=\"\">&gt;&gt;Continua\u00e7\u00e3o Sess\u00e3o Extra. n\u00b0 07/2025</a></td>\r\n</tr>\r\n<tr>\r\n<td><a class=\"external-link\" href=\"https://www.facebook.com/vereadoresbarradoquarai/videos/1626798107875741\" target=\"_self\" title=\"\">&gt;&gt;Sess\u00e3o Extra. da C\u00e2mara n\u00ba 11/2024</a></td>\r\n<td><a class=\"external-link\" href=\"https://www.facebook.com/vereadoresbarradoquarai/videos/1423461195755931\" target=\"_self\" title=\"\">&gt;&gt;Sess\u00e3o Ordin\u00e1ria da C\u00e2mara n\u00b0 12/2025</a></td>\r\n</tr>\r\n<tr>\r\n<td><a class=\"external-link\" href=\"https://www.facebook.com/vereadoresbarradoquarai/videos/957729895624045\" target=\"_self\" title=\"\">&gt;&gt;Sess\u00e3o Ordin\u00e1ria da C\u00e2mara n\u00ba 12/2024</a></td>\r\n<td><a class=\"external-link\" href=\"https://www.facebook.com/vereadoresbarradoquarai/videos/1436031664427363\" target=\"_self\" title=\"\">&gt;&gt;Sess\u00e3o Ordin\u00e1ria da C\u00e2mara n\u00b0 13/2025</a></td>\r\n</tr>\r\n<tr>\r\n<td><a class=\"external-link\" href=\"https://www.facebook.com/vereadoresbarradoquarai/videos/1823347574825688\" target=\"_self\" title=\"\">&gt;&gt;Sess\u00e3o Ordin\u00e1ria da C\u00e2mara n\u00ba 13/2024</a><a class=\"external-link\" href=\"https://www.facebook.com/vereadoresbarradoquarai/videos/340712900760503\" target=\"_self\" title=\"\"></a></td>\r\n<td><a class=\"external-link\" href=\"https://www.facebook.com/vereadoresbarradoquarai/videos/1915199525950413\" target=\"_self\" title=\"\">&gt;&gt;Sess\u00e3o Extra. da C\u00e2mara n\u00b0 08/2025</a></td>\r\n</tr>\r\n<tr>\r\n<td><a class=\"external-link\" href=\"https://www.facebook.com/vereadoresbarradoquarai/videos/1451251838828051\" target=\"_self\" title=\"\">&gt;&gt;Sess\u00e3o Ordin\u00e1ria da C\u00e2mara n\u00ba 14/2024</a></td>\r\n<td>\r\n<p><a class=\"external-link\" href=\"https://www.facebook.com/vereadoresbarradoquarai/videos/1196171798641461\" target=\"_self\" title=\"\">&gt;&gt;Continua\u00e7\u00e3o Sess\u00e3o Extra. n\u00b0 08/2025</a></p>\r\n</td>\r\n</tr>\r\n<tr>\r\n<td><a class=\"external-link\" href=\"https://www.facebook.com/vereadoresbarradoquarai/videos/2114090048963470\" target=\"_self\" title=\"\">&gt;&gt;Sess\u00e3o Extra. da C\u00e2mara n\u00ba 12/2024</a></td>\r\n<td><a class=\"external-link\" href=\"https://www.facebook.com/vereadoresbarradoquarai/videos/707393418459796\" target=\"_self\" title=\"\">&gt;&gt;Sess\u00e3o Ordin\u00e1ria da C\u00e2mara n\u00b0 14/2025</a></td>\r\n</tr>\r\n<tr>\r\n<td><a class=\"external-link\" href=\"https://www.facebook.com/vereadoresbarradoquarai/videos/988891732748069\" target=\"_self\" title=\"\">&gt;&gt;Sess\u00e3o Ordin\u00e1ria da C\u00e2mara n\u00ba 15/2024</a></td>\r\n<td><a class=\"external-link\" href=\"https://www.facebook.com/vereadoresbarradoquarai/videos/1366342958004326\" target=\"_self\" title=\"\">&gt;&gt;Sess\u00e3o Ordin\u00e1ria da C\u00e2mara n\u00ba 15/2025</a></td>\r\n</tr>\r\n<tr>\r\n<td><a class=\"external-link\" href=\"https://www.facebook.com/vereadoresbarradoquarai/videos/461657449777841\" target=\"_self\" title=\"\">&gt;&gt;Sess\u00e3o Ordin\u00e1ria da C\u00e2mara n\u00ba 16/2024</a></td>\r\n<td><a class=\"external-link\" href=\"https://www.facebook.com/vereadoresbarradoquarai/videos/24500628702871200\" target=\"_self\" title=\"\">&gt;&gt;Sess\u00e3o Extra. da C\u00e2mara n\u00ba 09/2025</a></td>\r\n</tr>\r\n<tr>\r\n<td><a class=\"external-link\" href=\"https://www.facebook.com/vereadoresbarradoquarai\" target=\"_self\" title=\"\">&gt;&gt;Sess\u00e3o Ordin\u00e1ria da C\u00e2mara n\u00ba 17/2024</a></td>\r\n<td><a class=\"external-link\" href=\"https://www.facebook.com/vereadoresbarradoquarai/videos/1250472723418817\" target=\"_self\" title=\"\">&gt;&gt;Continua\u00e7\u00e3o Sess\u00e3o Extra. n\u00ba 09/2025</a></td>\r\n</tr>\r\n<tr>\r\n<td><a class=\"external-link\" href=\"https://www.facebook.com/vereadoresbarradoquarai/videos/7642095542526066\" target=\"_self\" title=\"\">&gt;&gt;Sess\u00e3o Ordin\u00e1ria da C\u00e2mara n\u00ba 18/2024</a></td>\r\n<td><a class=\"external-link\" href=\"https://www.facebook.com/vereadoresbarradoquarai/videos/1232981388354365\" target=\"_self\" title=\"\">&gt;&gt;Sess\u00e3o Ordin\u00e1ria da C\u00e2mara n\u00ba 16/2025</a></td>\r\n</tr>\r\n<tr>\r\n<td><a class=\"external-link\" href=\"https://www.facebook.com/vereadoresbarradoquarai/videos/1626988718096034\" target=\"_self\" title=\"\">&gt;&gt;Sess\u00e3o Ordin\u00e1ria da C\u00e2mara n\u00ba 20/2024</a></td>\r\n<td><a class=\"external-link\" href=\"https://www.facebook.com/vereadoresbarradoquarai/videos/741043595248324\" target=\"_self\" title=\"\">&gt;&gt;Sess\u00e3o Extra. da C\u00e2mara n\u00ba 10/2025</a></td>\r\n</tr>\r\n<tr>\r\n<td><a class=\"external-link\" href=\"https://www.facebook.com/vereadoresbarradoquarai/videos/858643679626333\" target=\"_self\" title=\"\">&gt;&gt;Sess\u00e3o Ordin\u00e1ria da C\u00e2mara n\u00ba 21/2024</a></td>\r\n<td><a class=\"external-link\" href=\"https://www.facebook.com/vereadoresbarradoquarai/videos/1616901099008693\" target=\"_self\" title=\"\">&gt;&gt;Continua\u00e7\u00e3o Sess\u00e3o Extra. n\u00ba 10/2025</a></td>\r\n</tr>\r\n<tr>\r\n<td><a class=\"external-link\" href=\"https://www.facebook.com/vereadoresbarradoquarai/videos/1115453222851832\" target=\"_self\" title=\"\">&gt;&gt;Sess\u00e3o Extra. da C\u00e2mara n\u00ba 13/2024</a></td>\r\n<td><a class=\"external-link\" href=\"https://www.facebook.com/vereadoresbarradoquarai/videos/575679985261335\" target=\"_self\" title=\"\">&gt;&gt;Sess\u00e3o Ordin\u00e1ria da C\u00e2mara n\u00b0 17/2025</a></td>\r\n</tr>\r\n<tr>\r\n<td><a class=\"external-link\" href=\"https://www.facebook.com/vereadoresbarradoquarai/videos/428290869895258\" target=\"_self\" title=\"\">&gt;&gt;Sess\u00e3o Ordin\u00e1ria da C\u00e2mara n\u00ba 33/2024</a></td>\r\n<td><a class=\"external-link\" href=\"https://www.facebook.com/vereadoresbarradoquarai/videos/1135179501979918\" target=\"_self\" title=\"\">&gt;&gt;Sess\u00e3o Extra. da C\u00e2mara n\u00b0 11/2025</a></td>\r\n</tr>\r\n<tr>\r\n<td><a class=\"external-link\" href=\"https://www.facebook.com/vereadoresbarradoquarai/videos/1012747786581193\" target=\"_self\" title=\"\">&gt;&gt;Sess\u00e3o Extra. da C\u00e2mara n\u00ba 14/2024</a></td>\r\n<td><a class=\"external-link\" href=\"https://www.facebook.com/vereadoresbarradoquarai/videos/590036067481642\" target=\"_self\" title=\"\">&gt;&gt;Continua\u00e7\u00e3o Sess\u00e3o Extra n\u00b0 11/2025</a></td>\r\n</tr>\r\n<tr>\r\n<td><a class=\"external-link\" href=\"https://www.facebook.com/vereadoresbarradoquarai/videos/559310973318910\" target=\"_self\" title=\"\">&gt;&gt;Sess\u00e3o Ordin\u00e1ria da C\u00e2mara n\u00ba 34/2024</a></td>\r\n<td><a class=\"external-link\" href=\"https://www.facebook.com/vereadoresbarradoquarai/videos/1828516031043388\" target=\"_self\" title=\"\">&gt;&gt;Sess\u00e3o Ordin\u00e1ria da C\u00e2mara n\u00b0 18/2025</a></td>\r\n</tr>\r\n<tr>\r\n<td><a class=\"external-link\" href=\"https://www.facebook.com/vereadoresbarradoquarai/videos/1807985803273245\" target=\"_self\" title=\"\">&gt;&gt;Sess\u00e3o Extra. da C\u00e2mara n\u00ba 17/2024</a></td>\r\n<td><a class=\"external-link\" href=\"https://www.facebook.com/vereadoresbarradoquarai/videos/742681268326918\" target=\"_self\" title=\"\">&gt;&gt;Sess\u00e3o Ordin\u00e1ria da C\u00e2mara n\u00b0 19/2025</a></td>\r\n</tr>\r\n<tr>\r\n<td><a class=\"external-link\" href=\"https://www.facebook.com/vereadoresbarradoquarai/videos/1505466600845787\" target=\"_self\" title=\"\">&gt;&gt;Sess\u00e3o Extra. da C\u00e2mara n\u00ba 18/2024</a></td>\r\n<td><a class=\"external-link\" href=\"https://www.facebook.com/vereadoresbarradoquarai/videos/1172380334655554\" target=\"_self\" title=\"\">&gt;&gt;Sess\u00e3o Ordin\u00e1ria da C\u00e2mara n\u00ba 20/2025</a></td>\r\n</tr>\r\n<tr>\r\n<td><a class=\"external-link\" href=\"https://www.facebook.com/vereadoresbarradoquarai/videos/8757535540959383\" target=\"_self\" title=\"\">&gt;&gt;Sess\u00e3o Ordin\u00e1ria da C\u00e2mara n\u00ba 35/2024</a></td>\r\n<td><a class=\"external-link\" href=\"https://www.facebook.com/vereadoresbarradoquarai/videos/1031736105774375\" target=\"_self\" title=\"\">&gt;&gt;Sess\u00e3o Extra. da C\u00e2mara n\u00ba 12/2025</a></td>\r\n</tr>\r\n<tr>\r\n<td><a class=\"external-link\" href=\"https://www.facebook.com/vereadoresbarradoquarai/videos/885545787095315\" target=\"_self\" title=\"\">&gt;&gt;Sess\u00e3o Ordin\u00e1ria da C\u00e2mara n\u00ba 36/2024</a></td>\r\n<td><a class=\"external-link\" href=\"https://www.facebook.com/vereadoresbarradoquarai/videos/1276979470445652\" target=\"_self\" title=\"\">&gt;&gt;Continua\u00e7\u00e3o Sess\u00e3o Extra. n\u00ba 12/2025</a></td>\r\n</tr>\r\n<tr>\r\n<td><a class=\"external-link\" href=\"https://www.facebook.com/vereadoresbarradoquarai/videos/446664111807244\" target=\"_self\" title=\"\">&gt;&gt;Sess\u00e3o Ordin\u00e1ria da C\u00e2mara n\u00ba 37/2024</a></td>\r\n<td><a class=\"external-link\" href=\"https://www.facebook.com/vereadoresbarradoquarai/videos/1868998047224175\" target=\"_self\" title=\"\">&gt;&gt;Sess\u00e3o Ordin\u00e1ria da C\u00e2mara n\u00ba 21/2025</a></td>\r\n</tr>\r\n<tr>\r\n<td><a class=\"external-link\" href=\"https://www.facebook.com/vereadoresbarradoquarai/videos/28493925180206367\" target=\"_self\" title=\"\">&gt;&gt;Sess\u00e3o Ordin\u00e1ria da C\u00e2mara n\u00ba 38/2024</a></td>\r\n<td><a class=\"external-link\" href=\"https://www.facebook.com/vereadoresbarradoquarai/videos/3695760610718367\" target=\"_self\" title=\"\">&gt;&gt;Continua\u00e7\u00e3o Sess\u00e3o Ordin\u00e1ria n\u00ba 21/2025</a></td>\r\n</tr>\r\n<tr>\r\n<td><a class=\"external-link\" href=\"https://www.facebook.com/vereadoresbarradoquarai/videos/457908310321803\" target=\"_self\" title=\"\">&gt;&gt;Sess\u00e3o Ordin\u00e1ria da C\u00e2mara n\u00ba 39/2024</a></td>\r\n<td><a class=\"external-link\" href=\"https://www.facebook.com/vereadoresbarradoquarai/videos/587680807476212\" target=\"_self\" title=\"\">&gt;&gt;Sess\u00e3o Extra. da C\u00e2mara n\u00b0 13/2025</a></td>\r\n</tr>\r\n<tr>\r\n<td><a class=\"external-link\" href=\"https://www.facebook.com/vereadoresbarradoquarai/videos/1135686011229635\" target=\"_self\" title=\"\">&gt;&gt;Sess\u00e3o Extra. da C\u00e2mara n\u00ba 19/2024</a></td>\r\n<td><a class=\"external-link\" href=\"https://www.facebook.com/vereadoresbarradoquarai/videos/720827824140067\" target=\"_self\" title=\"\">&gt;&gt;Continua\u00e7\u00e3o Sess\u00e3o Extra. n\u00b0 13/2025</a></td>\r\n</tr>\r\n<tr>\r\n<td><a class=\"external-link\" href=\"https://www.facebook.com/vereadoresbarradoquarai/videos/1557025228270106\" target=\"_self\" title=\"\">&gt;&gt;Sess\u00e3o Ordin\u00e1ria da C\u00e2mara n\u00b0 40/2024</a></td>\r\n<td><a class=\"external-link\" href=\"https://www.facebook.com/vereadoresbarradoquarai/videos/743111558298725\" target=\"_self\" title=\"\">&gt;&gt;Sess\u00e3o Ordin\u00e1ria da C\u00e2mara n\u00b0 22/2025</a></td>\r\n</tr>\r\n<tr>\r\n<td><a class=\"external-link\" href=\"https://www.facebook.com/vereadoresbarradoquarai/videos/490722156793068\" target=\"_self\" title=\"\">&gt;&gt;Audi\u00eancia P\u00fablica - LOA 2025</a></td>\r\n<td><a class=\"external-link\" href=\"https://www.facebook.com/vereadoresbarradoquarai/videos/1799091957364499\" target=\"_self\" title=\"\">&gt;&gt;Sess\u00e3o Extra. da C\u00e2mara n\u00ba 14/2025</a></td>\r\n</tr>\r\n<tr>\r\n<td><a class=\"external-link\" href=\"https://www.facebook.com/vereadoresbarradoquarai/videos/559696930279703\" target=\"_self\" title=\"\">&gt;&gt;Sess\u00e3o Ordin\u00e1ria da C\u00e2mara n\u00ba 41/2024</a></td>\r\n<td><a class=\"external-link\" href=\"https://www.facebook.com/vereadoresbarradoquarai/videos/2136777950061151\" target=\"_self\" title=\"\">&gt;&gt;Continua\u00e7\u00e3o Sess\u00e3o Extra. n\u00ba 14/2025</a></td>\r\n</tr>\r\n<tr>\r\n<td><a class=\"external-link\" href=\"https://www.facebook.com/vereadoresbarradoquarai/videos/1179205980487330\" target=\"_self\" title=\"\">&gt;&gt;Sess\u00e3o Extra. da C\u00e2mara n\u00ba 20/2024</a></td>\r\n<td><a class=\"external-link\" href=\"https://www.facebook.com/vereadoresbarradoquarai/videos/1261740765162366\" target=\"_self\" title=\"\">&gt;&gt;Sess\u00e3o Ordin\u00e1ria da C\u00e2mara n\u00ba 23/2025</a></td>\r\n</tr>\r\n<tr>\r\n<td><a class=\"external-link\" href=\"https://www.facebook.com/vereadoresbarradoquarai/videos/676995734496248\" target=\"_self\" title=\"\">&gt;&gt;</a></td>\r\n<td><a class=\"external-link\" href=\"https://www.facebook.com/vereadoresbarradoquarai/videos/2775770789287736\" target=\"_self\" title=\"\">&gt;&gt;Sess\u00e3o Extra. da C\u00e2mara n\u00ba 15/2025</a></td>\r\n</tr>\r\n<tr>\r\n<td><a class=\"external-link\" href=\"https://www.facebook.com/vereadoresbarradoquarai/videos/992942092001017\" target=\"_self\" title=\"\">&gt;&gt;</a></td>\r\n<td><a class=\"external-link\" href=\"https://www.facebook.com/vereadoresbarradoquarai/videos/2501525076880738\" target=\"_self\" title=\"\">&gt;&gt;Continua\u00e7\u00e3o Sess\u00e3o Extra. n\u00ba 15/2025</a></td>\r\n</tr>\r\n<tr>\r\n<td><a class=\"external-link\" href=\"https://www.facebook.com/vereadoresbarradoquarai/videos/624462799893883\" target=\"_self\" title=\"\">&gt;&gt;</a></td>\r\n<td><a class=\"external-link\" href=\"https://www.facebook.com/vereadoresbarradoquarai/videos/939332125043445\" target=\"_self\" title=\"\">&gt;&gt;Sess\u00e3o Ordin\u00e1ria da C\u00e2mara n\u00ba 24/2025</a></td>\r\n</tr>\r\n<tr>\r\n<td><a class=\"external-link\" href=\"https://www.facebook.com/vereadoresbarradoquarai/videos/376135644745955\" target=\"_self\" title=\"\">&gt;&gt;</a></td>\r\n<td><a class=\"external-link\" href=\"https://www.facebook.com/vereadoresbarradoquarai/videos/1826132674603425\" target=\"_self\" title=\"\">&gt;&gt;Sess\u00e3o Ordin\u00e1ria da C\u00e2mara n\u00b0 25/2025</a></td>\r\n</tr>\r\n<tr>\r\n<td><a class=\"external-link\" href=\"https://www.facebook.com/vereadoresbarradoquarai/videos/231192513313407\" target=\"_self\" title=\"\">&gt;&gt;</a></td>\r\n<td><a class=\"external-link\" href=\"https://www.facebook.com/vereadoresbarradoquarai/videos/24859373260315020\" target=\"_self\" title=\"\">&gt;&gt;Sess\u00e3o Extra. da C\u00e2mara n\u00b0 16/2025</a></td>\r\n</tr>\r\n<tr>\r\n<td><a class=\"external-link\" href=\"https://www.facebook.com/vereadoresbarradoquarai/videos/1791046931330880\" target=\"_self\" title=\"\">&gt;&gt;</a></td>\r\n<td><a class=\"external-link\" href=\"https://www.facebook.com/vereadoresbarradoquarai/videos/1471440387388420\" target=\"_self\" title=\"\">&gt;&gt;Continua\u00e7\u00e3o Sess\u00e3o Extra. n\u00b0 16/2025</a></td>\r\n</tr>\r\n<tr>\r\n<td><a class=\"external-link\" href=\"https://www.facebook.com/vereadoresbarradoquarai/videos/348909431150369\" target=\"_self\" title=\"\">&gt;&gt;</a></td>\r\n<td><a class=\"external-link\" href=\"https://www.facebook.com/vereadoresbarradoquarai/videos/768475728892145\" target=\"_self\" title=\"\">&gt;&gt;Sess\u00e3o Ordin\u00e1ria da C\u00e2mara n\u00b0 26/2025</a></td>\r\n</tr>\r\n<tr>\r\n<td><a class=\"external-link\" href=\"https://www.facebook.com/vereadoresbarradoquarai/videos/653025313661020\" target=\"_self\" title=\"\">&gt;&gt;</a></td>\r\n<td><a class=\"external-link\" href=\"https://www.facebook.com/vereadoresbarradoquarai/videos/804633681941191\" target=\"_self\" title=\"\">&gt;&gt;Sess\u00e3o Ordin\u00e1ria da C\u00e2mara n\u00b0 27/2025</a></td>\r\n</tr>\r\n<tr>\r\n<td><a class=\"external-link\" href=\"https://www.facebook.com/vereadoresbarradoquarai/videos/2096424780717228\" target=\"_self\" title=\"\">&gt;&gt;</a></td>\r\n<td><a class=\"external-link\" href=\"https://www.facebook.com/vereadoresbarradoquarai/videos/776917291936814\" target=\"_self\" title=\"\">&gt;&gt;Sess\u00e3o Ordin\u00e1ria da C\u00e2mara n\u00b0 28/2025</a></td>\r\n</tr>\r\n<tr>\r\n<td><a class=\"external-link\" href=\"https://www.facebook.com/vereadoresbarradoquarai/videos/371713561955009\" target=\"_self\" title=\"\">&gt;&gt;</a></td>\r\n<td><a class=\"external-link\" href=\"https://www.facebook.com/vereadoresbarradoquarai/videos/1094222996233896\" target=\"_self\" title=\"\">&gt;&gt;Sess\u00e3o Extra. da C\u00e2mara n\u00b0 17/2025</a></td>\r\n</tr>\r\n<tr>\r\n<td><a class=\"external-link\" href=\"https://www.facebook.com/vereadoresbarradoquarai/videos/7639758662720568\" target=\"_self\" title=\"\">&gt;&gt;</a></td>\r\n<td>\r\n<p><a class=\"external-link\" href=\"https://www.facebook.com/vereadoresbarradoquarai/videos/1304667317915127\" target=\"_self\" title=\"\">&gt;&gt;Continua\u00e7\u00e3o Sess\u00e3o Extra. n\u00b0 17/2025</a></p>\r\n</td>\r\n</tr>\r\n<tr>\r\n<td><a class=\"external-link\" href=\"https://www.facebook.com/vereadoresbarradoquarai/videos/3523108604604360\" target=\"_self\" title=\"\">&gt;&gt;</a></td>\r\n<td><a class=\"external-link\" href=\"https://www.facebook.com/vereadoresbarradoquarai/videos/766546892963219\" target=\"_self\" title=\"\">&gt;&gt;Sess\u00e3o Ordin\u00e1ria da C\u00e2mara n\u00b0 29/2025</a></td>\r\n</tr>\r\n<tr>\r\n<td><a class=\"external-link\" href=\"https://www.facebook.com/vereadoresbarradoquarai/videos/2388467488006917\" target=\"_self\" title=\"\">&gt;&gt;</a></td>\r\n<td><a class=\"external-link\" href=\"https://www.instagram.com/p/DPBoCrmCQIF/\" target=\"_self\" title=\"\">&gt;&gt;Sess\u00e3o Ordin\u00e1ria da C\u00e2mara n\u00b0 30/2025</a></td>\r\n</tr>\r\n<tr>\r\n<td><a class=\"external-link\" href=\"https://www.facebook.com/vereadoresbarradoquarai/videos/284652481254205\" target=\"_self\" title=\"\">&gt;&gt;</a></td>\r\n<td><a class=\"external-link\" href=\"https://www.instagram.com/p/DPBoQeKCaKR/\" target=\"_self\" title=\"\">&gt;&gt;Continua\u00e7\u00e3o Sess\u00e3o Ordin\u00e1ria n\u00b0 30/2025</a></td>\r\n</tr>\r\n<tr>\r\n<td><a class=\"external-link\" href=\"https://www.facebook.com/vereadoresbarradoquarai/videos/284652481254205\" target=\"_self\" title=\"\"></a></td>\r\n<td><a class=\"external-link\" href=\"https://www.instagram.com/p/DPBov9KiTi6/\" target=\"_self\" title=\"\">&gt;&gt;Sess\u00e3o Extra. da C\u00e2mara n\u00b0 18/2025</a><a class=\"external-link\" href=\"https://www.facebook.com/vereadoresbarradoquarai/videos/1394709251063944\" target=\"_self\" title=\"\"></a></td>\r\n</tr>\r\n<tr>\r\n<td></td>\r\n<td><a class=\"external-link\" href=\"https://www.instagram.com/p/DPBo-gYCZAy/\" target=\"_self\" title=\"\">&gt;&gt;Continua\u00e7\u00e3o Sess\u00e3o Extra. n\u00b0 18/2025</a><a class=\"external-link\" href=\"https://www.facebook.com/vereadoresbarradoquarai/videos/1394709251063944\" target=\"_self\" title=\"\"></a></td>\r\n</tr>\r\n<tr>\r\n<td></td>\r\n<td><a class=\"external-link\" href=\"https://www.facebook.com/vereadoresbarradoquarai/videos/1129243935386985\" target=\"_self\" title=\"\">&gt;&gt;Sess\u00e3o Ordin\u00e1ria da C\u00e2mara n\u00b0 31/2025</a></td>\r\n</tr>\r\n<tr>\r\n<td></td>\r\n<td><a class=\"external-link\" href=\"https://www.facebook.com/vereadoresbarradoquarai/videos/2239193779889450\" target=\"_self\" title=\"\">&gt;&gt;Sess\u00e3o Extra. da C\u00e2mara n\u00b0 19/2025</a></td>\r\n</tr>\r\n<tr>\r\n<td></td>\r\n<td><a class=\"external-link\" href=\"https://www.facebook.com/vereadoresbarradoquarai/videos/1230832135440113\" target=\"_self\" title=\"\">&gt;&gt;Continua\u00e7\u00e3o Sess\u00e3o Extra. n\u00b0 19/2025</a></td>\r\n</tr>\r\n<tr>\r\n<td></td>\r\n<td><a class=\"external-link\" href=\"https://www.facebook.com/vereadoresbarradoquarai/videos/680329221312458\" target=\"_self\" title=\"\">&gt;&gt;Sess\u00e3o Ordin\u00e1ria da C\u00e2mara n\u00b0 32/2025</a></td>\r\n</tr>\r\n<tr>\r\n<td></td>\r\n<td><a class=\"external-link\" href=\"https://www.facebook.com/vereadoresbarradoquarai/videos/733469276416671\" target=\"_self\" title=\"\">&gt;&gt;Sess\u00e3o Extra. da C\u00e2mara n\u00b0 20/2025</a></td>\r\n</tr>\r\n<tr>\r\n<td></td>\r\n<td><a class=\"external-link\" href=\"https://www.facebook.com/vereadoresbarradoquarai/videos/1363948918705962\" target=\"_self\" title=\"\">&gt;&gt;Continua\u00e7\u00e3o Sess\u00e3o Extra. n\u00b0 20/2025</a></td>\r\n</tr>\r\n<tr>\r\n<td></td>\r\n<td><a class=\"external-link\" href=\"https://www.facebook.com/vereadoresbarradoquarai/videos/1470864030885614\" target=\"_self\" title=\"\">&gt;&gt;Sess\u00e3o Ordin\u00e1ria da C\u00e2mara n\u00b0 33/2025</a></td>\r\n</tr>\r\n<tr>\r\n<td></td>\r\n<td><a class=\"external-link\" href=\"https://www.facebook.com/vereadoresbarradoquarai/videos/576736295501990\" target=\"_self\" title=\"\">&gt;&gt;Sess\u00e3o Extra. da C\u00e2mara n\u00b0 21/2025</a></td>\r\n</tr>\r\n<tr>\r\n<td></td>\r\n<td><a class=\"external-link\" href=\"https://www.facebook.com/vereadoresbarradoquarai/videos/1142529947403853\" target=\"_self\" title=\"\">&gt;&gt;Continua\u00e7\u00e3o Sess\u00e3o Extra. n\u00b0 21/2025</a></td>\r\n</tr>\r\n<tr>\r\n<td></td>\r\n<td><a class=\"external-link\" href=\"https://www.facebook.com/vereadoresbarradoquarai/videos/24789258224016381\" target=\"_self\" title=\"\">&gt;&gt;Sess\u00e3o Ordin\u00e1ria da C\u00e2mara n\u00b0 34/2025</a></td>\r\n</tr>\r\n<tr>\r\n<td></td>\r\n<td></td>\r\n</tr>\r\n<tr>\r\n<td></td>\r\n<td><a class=\"external-link\" href=\"https://www.facebook.com/vereadoresbarradoquarai/videos/1719634282045820\" target=\"_self\" title=\"\">&gt;&gt; Sess\u00e3o Ordin\u00e1ria da C\u00e2mara n\u00b0 35/2025</a></td>\r\n</tr>\r\n<tr>\r\n<td></td>\r\n<td><a class=\"external-link\" href=\"https://www.facebook.com/vereadoresbarradoquarai/videos/858080466793951\" target=\"_self\" title=\"\">&gt;&gt;Sess\u00e3o Extra. da C\u00e2mara n\u00b0 22/2025</a></td>\r\n</tr>\r\n<tr>\r\n<td></td>\r\n<td><a class=\"external-link\" href=\"https://www.facebook.com/vereadoresbarradoquarai/videos/1557409085254925\" target=\"_self\" title=\"\">&gt;&gt;Continua\u00e7\u00e3o Sess\u00e3o Extra. n\u00b0 22/2025</a></td>\r\n</tr>\r\n<tr>\r\n<td></td>\r\n<td><a class=\"external-link\" href=\"https://www.facebook.com/vereadoresbarradoquarai/videos/695537160263514\" target=\"_self\" title=\"\">&gt;&gt;Sess\u00e3o Ordin\u00e1ria da C\u00e2mara n\u00b0 36/2025</a></td>\r\n</tr>\r\n<tr>\r\n<td></td>\r\n<td><a class=\"external-link\" href=\"https://www.facebook.com/vereadoresbarradoquarai/videos/1359415359186255\" target=\"_self\" title=\"\">&gt;&gt;Sess\u00e3o Ordin\u00e1ria da C\u00e2mara n\u00ba 37/2025</a></td>\r\n</tr>\r\n<tr>\r\n<td></td>\r\n<td><a class=\"external-link\" href=\"https://www.facebook.com/vereadoresbarradoquarai/videos/824613270177273\" target=\"_self\" title=\"\">&gt;&gt;Sess\u00e3o Ordin\u00e1ria da C\u00e2mara n\u00ba 38/2025</a></td>\r\n</tr>\r\n<tr>\r\n<td></td>\r\n<td><a class=\"external-link\" href=\"https://www.facebook.com/vereadoresbarradoquarai/videos/1534483161089037\" target=\"_self\" title=\"\">&gt;&gt;Sess\u00e3o Extra. da C\u00e2mara n\u00ba 23/2025</a></td>\r\n</tr>\r\n<tr>\r\n<td></td>\r\n<td><a class=\"external-link\" href=\"https://www.facebook.com/vereadoresbarradoquarai/videos/1567033821144048\" target=\"_self\" title=\"\">&gt;&gt;Continua\u00e7\u00e3o Sess\u00e3o Extra. n\u00ba 23/2025</a></td>\r\n</tr>\r\n<tr>\r\n<td></td>\r\n<td></td>\r\n</tr>\r\n<tr>\r\n<td></td>\r\n<td><a class=\"external-link\" href=\"https://www.facebook.com/vereadoresbarradoquarai/videos/1329317915137881\" target=\"_self\" title=\"\">&gt;&gt;Sess\u00e3o Ordin\u00e1ria da C\u00e2mara n\u00b0 39/2025</a></td>\r\n</tr>\r\n<tr>\r\n<td></td>\r\n<td><a class=\"external-link\" href=\"https://www.facebook.com/vereadoresbarradoquarai/videos/1439408917973808\" target=\"_self\" title=\"\">&gt;&gt;Sess\u00e3o Ordin\u00e1ria da C\u00e2mara n\u00b0 40/2025</a></td>\r\n</tr>\r\n<tr>\r\n<td></td>\r\n<td><a class=\"external-link\" href=\"https://www.facebook.com/vereadoresbarradoquarai/videos/1144151420830534\" target=\"_self\" title=\"\">&gt;&gt;Sess\u00e3o Ordin\u00e1ria da C\u00e2mara n\u00b0 41/2025</a></td>\r\n</tr>\r\n<tr>\r\n<td></td>\r\n<td><a class=\"external-link\" href=\"https://www.facebook.com/vereadoresbarradoquarai/videos/706104935881669\" target=\"_self\" title=\"\">&gt;&gt;Sess\u00e3o Extra. da C\u00e2mara n\u00b0 24/2025</a></td>\r\n</tr>\r\n<tr>\r\n<td></td>\r\n<td></td>\r\n</tr>\r\n<tr>\r\n<td></td>\r\n<td><a class=\"external-link\" href=\"https://www.facebook.com/vereadoresbarradoquarai/videos/3201813509979670\" target=\"_self\" title=\"\">&gt;&gt;Sess\u00e3o Ordin\u00e1ria da C\u00e2mara n\u00b0 42/2025</a></td>\r\n</tr>\r\n<tr>\r\n<td></td>\r\n<td><a class=\"external-link\" href=\"https://www.facebook.com/vereadoresbarradoquarai/videos/1380569123607215\" target=\"_self\" title=\"\">&gt;&gt;Sess\u00e3o Extra. da C\u00e2mara n\u00b0 25/2025</a></td>\r\n</tr>\r\n<tr>\r\n<td></td>\r\n<td><a class=\"external-link\" href=\"https://www.facebook.com/vereadoresbarradoquarai/videos/864192896332665\" target=\"_self\" title=\"\">&gt;&gt;Continua\u00e7\u00e3o Sess\u00e3o Extra. n\u00b0 25/2025</a></td>\r\n</tr>\r\n<tr>\r\n<td></td>\r\n<td></td>\r\n</tr>\r\n<tr>\r\n<td></td>\r\n<td><a class=\"external-link\" href=\"https://www.facebook.com/vereadoresbarradoquarai/videos/1390750672406592\" target=\"_self\" title=\"\">&gt;&gt;Sess\u00e3o Ordin\u00e1ria da C\u00e2mara n\u00b0 43/2025</a></td>\r\n</tr>\r\n<tr>\r\n<td></td>\r\n<td><a class=\"external-link\" href=\"https://www.facebook.com/vereadoresbarradoquarai/videos/1246269307557378\" target=\"_self\" title=\"\">&gt;&gt;Sess\u00e3o Extra. da C\u00e2mara n\u00b0 26/2025</a></td>\r\n</tr>\r\n<tr>\r\n<td></td>\r\n<td><a class=\"external-link\" href=\"https://www.facebook.com/vereadoresbarradoquarai/videos/834951256083159\" target=\"_self\" title=\"\">&gt;&gt;Continua\u00e7\u00e3o Sess\u00e3o Extra. n\u00b0 26/2025</a></td>\r\n</tr>\r\n</tbody>\r\n</table>\r\n<p>\u00a0</p>\r\n<p>\u00a0</p>", "author_name": "", "version": "1.0", "author_url": "https://www.barradoquarai.rs.leg.br/author/adm", "provider_name": "C\u00e2mara Municipal de Barra do Quara\u00ed-RS", "type": "rich"}