{"provider_url": "https://www.barradoquarai.rs.leg.br", "title": "Hist\u00f3ria", "html": "<p style=\"text-align: center; \"><strong><img src=\"https://www.barradoquarai.rs.leg.br/imagens/logo\" alt=\"Logo\" class=\"image-inline\" title=\"Logo\" /></strong></p>\r\n<p><strong>A Emancipa\u00e7\u00e3o pol\u00edtico-administrativa</strong></p>\r\n<p><span>A Emancipa\u00e7\u00e3o da Barra do Quara\u00ed, cap\u00edtulo mais importante e decisivo da historia da cidade foi resultado da consci\u00eancia da necessidade de independ\u00eancia pol\u00edtico-administrativa como \u00fanico caminho capaz de possibilitar o desenvolvimento da comunidade.</span></p>\r\n<p>Dois processos, em 1985 e 1991, foram iniciado sem, entretanto, lograr o objetivo proposto, tal a sorte de dificuldades impostas aos emancipadores e \u00e0 comunidade em geral.</p>\r\n<p>Entretanto, estes processos iniciais foram o tempo de matura\u00e7\u00e3o do ideal que, em 1995, seria vitorioso.</p>\r\n<p>A partir de uma Assembl\u00e9ia Geral realizada no Centro de Pastoral S\u00e3o Jos\u00e9 Oper\u00e1rio, no dia 8 de abril de 1994, com a presen\u00e7a de lideran\u00e7as e comunidade, foi constitu\u00edda a Comiss\u00e3o de Emancipa\u00e7\u00e3o da Barra do Quara\u00ed. Tal Comiss\u00e3o desenvolveu suas atividades em conson\u00e2ncia com as expectativas dos barrenses.</p>\r\n<p>A Resolu\u00e7\u00e3o n\u00ba 81/95, do TRE/RS, datada de 7 de abril de 1995, estabeleceu as regras para a realiza\u00e7\u00e3o do Plebiscito em 22 de outubro de 1995.</p>\r\n<p>\u00c0 \u00e9poca, contava a Barra do Quara\u00ed com 1.931 eleitores, sendo que compareceram \u00e0 consulta plebiscit\u00e1ria 1.198 eleitores. Destes, 1.126 votaram SIM, 55 votaram N\u00c3O, 12 votaram em branco e 5 votos foram nulos.</p>\r\n<p>Por este motivo, a data de 22 de outubro de 1995 foi institu\u00edda como a mais significativa, constando nos s\u00edmbolos municipais (Bras\u00e3o e Bandeira) para lembrar o grande momento de exerc\u00edcio democr\u00e1tico e de cidadania vivido ent\u00e3o.</p>\r\n<p>\u00c9 a data pol\u00edtica, porque nela uma comunidade inteira optou pela autodetermina\u00e7\u00e3o.\u00a0<span>\u00c9 uma data hist\u00f3rica, porque com a escolha do SIM, la\u00e7os foram rompidos e outros desafios foram enfrentados com a mesma coragem e determina\u00e7\u00e3o.</span></p>\r\n<p>Assim, a vida do cidad\u00e3o deve ser a materializa\u00e7\u00e3o de seus anseios representada pelo voto.</p>\r\n<p>O ano de 1996 foi aquele em que a transi\u00e7\u00e3o para um novo status pol\u00edtico-administrativo se concretizou e onde os interesses do Munic\u00edpio come\u00e7aram a ser tratados.\u00a0<span>A C\u00e2mara Municipal de Vereadores, composta por 9 vereadores, ficou assim constitu\u00edda:\u00a0</span></p>\r\n<p>- Jos\u00e9 Le\u00e3o Repiso Riela</p>\r\n<p>- Luiz Carlos da Rosa</p>\r\n<p>- Neli Simionato Frecero</p>\r\n<p>- Valdemar Alves</p>\r\n<p>- Nivaldo Antunes Medeiros</p>\r\n<p>- Pedro Luiz da Rosa</p>\r\n<p>- Edemar Rodrigues</p>\r\n<p>- Jos\u00e9 F\u00e1bio Miotti dos Santos</p>\r\n<p>- Carlos Alberto da Rosa</p>\r\n<p>Ambos os poderes, Executivo e Legislativo, foram instalados no dia 1\u00ba de janeiro de 1997 e, a partir deste momento, o Munic\u00edpio passou a figurar no cen\u00e1rio ga\u00facho e nacional, com grandes perspectivas de desenvolvimento em todos os setores econ\u00f4micos e sociais.</p>\r\n<p style=\"text-align: right; \"><em>Hamilton Rodrigues</em></p>\r\n<p><strong>* 30 de setembro de 1999</strong></p>\r\n<p>O Vereador Jos\u00e9 Le\u00e3o Repiso Riela prop\u00f4s, o Plen\u00e1rio da C\u00e2mara Municipal aprovou e o Prefeito Municipal Ely Manoel da Rosa sancionou a lei n\u00ba 319/99 segundo a qual f<span>ica denominado \"Plen\u00e1rio Virgilio Martins\" a sala do Plen\u00e1rio da C\u00e2mara Municipal da Barra do Quara\u00ed.</span></p>\r\n<p><strong>* 30 de setembro de 1999</strong></p>\r\n<p>O Vereador Luiz Carlos da Rosa prop\u00f4s, o Plen\u00e1rio da C\u00e2mara Municipal aprovou e o Prefeito Municipal Ely Manoel da Rosa sancionou a lei n\u00ba 320/99 segundo a qual f<span>ica denominado \"Pal\u00e1cio Ant\u00f4nio Araci Meus\" a sede do Poder Legislativo da Barra do Quara\u00ed.</span></p>\r\n<p><span><br /></span></p>", "author_name": "Interlegis", "version": "1.0", "author_url": "https://www.barradoquarai.rs.leg.br/author/Interlegis", "provider_name": "C\u00e2mara Municipal de Barra do Quara\u00ed-RS", "type": "rich"}