{"provider_url": "https://www.barradoquarai.rs.leg.br", "title": "08 DE DEZEMBRO: DIA DA FAM\u00cdLIA", "html": "<div class=\"xdj266r x11i5rnm xat24cr x1mh8g0r x1vvkbs x126k92a\">\r\n<div dir=\"auto\">08 DE DEZEMBRO: DIA DA FAM\u00cdLIA</div>\r\n</div>\r\n<div class=\"x11i5rnm xat24cr x1mh8g0r x1vvkbs xtlvy1s x126k92a\">\r\n<div dir=\"auto\">No Brasil, o Dia da Fam\u00edlia \u00e9 comemorado anualmente em 8 de dezembro. Esta data tem como objetivo homenagear a fam\u00edlia, assim como lembrar da sua import\u00e2ncia.</div>\r\n</div>\r\n<div class=\"x11i5rnm xat24cr x1mh8g0r x1vvkbs xtlvy1s x126k92a\">\r\n<div dir=\"auto\">Fam\u00edlia significa rela\u00e7\u00e3o afetiva entre as pessoas que tenham ou n\u00e3o la\u00e7os sangu\u00edneos, um conceito que se baseia no amor, na ajuda m\u00fatua, na partilha, e que promove a forma\u00e7\u00e3o de valores em cada um de n\u00f3s.</div>\r\n</div>\r\n<div class=\"x11i5rnm xat24cr x1mh8g0r x1vvkbs xtlvy1s x126k92a\">\r\n<div dir=\"auto\"><span><a tabindex=\"-1\"></a></span>Esta data \u00e9 muito importante e deve ser celebrada e homenageada. O Dia Nacional da Fam\u00edlia foi institu\u00eddo pelo Decreto n\u00ba 52.748, de 24 de outubro de 1963. Comemorado em 8 de dezembro, o Dia da Fam\u00edlia coincide com o Dia da Imaculada Concei\u00e7\u00e3o.</div>\r\n</div>", "author_name": "", "version": "1.0", "author_url": "https://www.barradoquarai.rs.leg.br/author/adm", "provider_name": "C\u00e2mara Municipal de Barra do Quara\u00ed-RS", "type": "rich"}