{"provider_url": "https://www.barradoquarai.rs.leg.br", "title": "16 de MAIO \u2013 DIA DO GARI", "html": "<div class=\"xdj266r x11i5rnm xat24cr x1mh8g0r x1vvkbs x126k92a\">\r\n<div dir=\"auto\">16 de MAIO \u2013 DIA DO GARI</div>\r\n</div>\r\n<div class=\"x11i5rnm xat24cr x1mh8g0r x1vvkbs xtlvy1s x126k92a\">\r\n<div dir=\"auto\">Comemorado no dia 16 de maio, no Brasil, o Dia do Gari tem o objetivo de homenagear os profissionais respons\u00e1veis em manter as ruas e pra\u00e7as da cidade limpas de todo o lixo gerado naturalmente ou por a\u00e7\u00e3o do ser humano.</div>\r\n</div>\r\n<div class=\"x11i5rnm xat24cr x1mh8g0r x1vvkbs xtlvy1s x126k92a\">\r\n<div dir=\"auto\">O termo \"gari\" surgiu em homenagem ao franc\u00eas Pedro Aleixo Gary, que ficou conhecido por ser o fundador da primeira empresa de coleta de lixo nas ruas do Rio de Janeiro, em 1976. Assim, os cariocas quando queriam que as ruas <span class=\"html-span xdj266r x11i5rnm xat24cr x1mh8g0r xexx8yu x4uap5 x18d9i69 xkhd6sd x1hl2dhg x16tdsg8 x1vvkbs\"><a tabindex=\"-1\"></a></span>fossem limpas ap\u00f3s a passagem dos cavalos, chamavam os \"garis\".</div>\r\n</div>\r\n<div class=\"x11i5rnm xat24cr x1mh8g0r x1vvkbs xtlvy1s x126k92a\">\r\n<div dir=\"auto\">\u00c9 gra\u00e7as ao importante trabalho dos garis que os cidad\u00e3os podem viver em uma cidade mais limpa e bonita.</div>\r\n</div>", "author_name": "", "version": "1.0", "author_url": "https://www.barradoquarai.rs.leg.br/author/adm", "provider_name": "C\u00e2mara Municipal de Barra do Quara\u00ed-RS", "type": "rich"}