{"provider_url": "https://www.barradoquarai.rs.leg.br", "title": "19 DE NOVEMBRO - DIA DA BANDEIRA", "html": "<div dir=\"auto\">O Dia da Bandeira, comemorado anualmente no dia 19 de novembro, \u00e9 uma homenagem \u00e0 bandeira brasileira, que foi criada logo ap\u00f3s a Proclama\u00e7\u00e3o da Rep\u00fablica, em 15 de novembro de 1889. Assim, o Dia da Bandeira passou a ser comemorado somente ap\u00f3s a Proclama\u00e7\u00e3o da Rep\u00fablica. Como a nova bandeira brasileira foi apresentada no dia 19 de novembro de 1889, essa data foi escolhida como o Dia da Bandeira.</div>\r\n<div class=\"x11i5rnm xat24cr x1mh8g0r x1vvkbs xtlvy1s x126k92a\">\r\n<div dir=\"auto\">Os autores da Bandeira Nacional foram <span class=\"html-span xdj266r x11i5rnm xat24cr x1mh8g0r xexx8yu x4uap5 x18d9i69 xkhd6sd x1hl2dhg x16tdsg8 x1vvkbs\"><a class=\"html-a xdj266r x11i5rnm xat24cr x1mh8g0r xexx8yu x4uap5 x18d9i69 xkhd6sd x1hl2dhg x16tdsg8 x1vvkbs\" tabindex=\"-1\"></a></span>Raimundo Teixeira Mendes, Miguel Lemos, Manuel Pereira Reis e D\u00e9cio Vilares. A \u00faltima modifica\u00e7\u00e3o feita na bandeira brasileira aconteceu no dia 11 de maio de 1992, quando foram adicionadas novas estrelas, que correspondem aos estados do Amap\u00e1, Roraima, Rond\u00f4nia e Tocantins.</div>\r\n</div>\r\n<div class=\"x11i5rnm xat24cr x1mh8g0r x1vvkbs xtlvy1s x126k92a\">\r\n<div dir=\"auto\">-&gt; Curiosidades:</div>\r\n</div>\r\n<div class=\"x11i5rnm xat24cr x1mh8g0r x1vvkbs xtlvy1s x126k92a\">\r\n<div dir=\"auto\">* A frase que consta na bandeira, \u201cOrdem e Progresso\u201d, foi inspirada em uma frase do positivista Augusto Comte. A frase era: \u201cO amor por princ\u00edpio e a ordem por base, o progresso por fim\u201d.</div>\r\n</div>\r\n<div class=\"x11i5rnm xat24cr x1mh8g0r x1vvkbs xtlvy1s x126k92a\">\r\n<div dir=\"auto\">* A Bandeira Nacional \u00e9 hasteada de maneira permanente na Pra\u00e7a dos Tr\u00eas Poderes em Bras\u00edlia. No primeiro domingo de cada m\u00eas, \u00e9 realizada uma cerim\u00f4nia de troca da bandeira.</div>\r\n</div>\r\n<div class=\"x11i5rnm xat24cr x1mh8g0r x1vvkbs xtlvy1s x126k92a\">\r\n<div dir=\"auto\">* Quando s\u00e3o hasteadas v\u00e1rias bandeiras juntas \u00e0 Bandeira Nacional, esta \u00e9 a primeira a subir e a \u00faltima a descer do mastro.</div>\r\n</div>\r\n<div class=\"x11i5rnm xat24cr x1mh8g0r x1vvkbs xtlvy1s x126k92a\">\r\n<div dir=\"auto\">* As estrelas da bandeira correspondem a cada um dos estados brasileiros e ao Distrito Federal.</div>\r\n</div>\r\n<div class=\"x11i5rnm xat24cr x1mh8g0r x1vvkbs xtlvy1s x126k92a\">\r\n<div dir=\"auto\">* A legisla\u00e7\u00e3o brasileira prev\u00ea que, no dia 19 de novembro, seja realizada uma cerim\u00f4nia para incinera\u00e7\u00e3o de bandeiras que estejam em m\u00e1s condi\u00e7\u00f5es.</div>\r\n</div>\r\n<div class=\"x11i5rnm xat24cr x1mh8g0r x1vvkbs xtlvy1s x126k92a\">\r\n<div dir=\"auto\">Fonte: <span class=\"html-span xdj266r x11i5rnm xat24cr x1mh8g0r xexx8yu x4uap5 x18d9i69 xkhd6sd x1hl2dhg x16tdsg8 x1vvkbs\"><a class=\"x1i10hfl xjbqb8w x1ejq31n xd10rxx x1sy0etr x17r0tee x972fbf xcfux6l x1qhh985 xm0m39n x9f619 x1ypdohk xt0psk2 xe8uvvx xdj266r x11i5rnm xat24cr x1mh8g0r xexx8yu x4uap5 x18d9i69 xkhd6sd x16tdsg8 x1hl2dhg xggy1nq x1a2a7pz x1sur9pj xkrqix3 x1fey0fg x1s688f\" href=\"https://brasilescola.uol.com.br/datas-comemorativas/dia-da-bandeira.html?fbclid=IwZXh0bgNhZW0CMTAAAR183PKJinAVYObHKeqLR6QQnoaO4vkySg7rQ2P0R7pcTuhCxRYgjZET9Ps_aem_5JANLJ6Xvtp_FwmYBDP-5w\" rel=\"nofollow noreferrer\" tabindex=\"0\" target=\"_blank\">https://brasilescola.uol.com.br/data.../dia-da-bandeira.html</a></span></div>\r\n</div>", "author_name": "", "version": "1.0", "author_url": "https://www.barradoquarai.rs.leg.br/author/adm", "provider_name": "C\u00e2mara Municipal de Barra do Quara\u00ed-RS", "type": "rich"}