{"provider_url": "https://www.barradoquarai.rs.leg.br", "title": "20 DE NOVEMBRO - DIA DA CONSCI\u00caNCIA NEGRA", "html": "<div class=\"xdj266r x11i5rnm xat24cr x1mh8g0r x1vvkbs x126k92a\">\r\n<div dir=\"auto\">20 DE NOVEMBRO - DIA DA CONSCI\u00caNCIA NEGRA</div>\r\n</div>\r\n<div class=\"x11i5rnm xat24cr x1mh8g0r x1vvkbs xtlvy1s x126k92a\">\r\n<div dir=\"auto\">O Dia Nacional de Zumbi e da Consci\u00eancia Negra \u00e9 celebrado, no Brasil, em 20 de novembro. Concebido em 1971, foi formalizado nacionalmente em 2003, como uma efem\u00e9ride no calend\u00e1rio escolar, at\u00e9 ser institu\u00eddo como data comemorativa em 2011. Foi oficializado feriado nacional em 21 de dezembro de 2023.</div>\r\n</div>\r\n<div class=\"x11i5rnm xat24cr x1mh8g0r x1vvkbs xtlvy1s x126k92a\">\r\n<div dir=\"auto\">A ocasi\u00e3o \u00e9 dedicada \u00e0 reflex\u00e3o sobre o valor e a contribui\u00e7\u00e3o da comunidade negra para o Brasil. Em contraposi\u00e7\u00e3o ao 13 de <span class=\"html-span xdj266r x11i5rnm xat24cr x1mh8g0r xexx8yu x4uap5 x18d9i69 xkhd6sd x1hl2dhg x16tdsg8 x1vvkbs\"><a class=\"html-a xdj266r x11i5rnm xat24cr x1mh8g0r xexx8yu x4uap5 x18d9i69 xkhd6sd x1hl2dhg x16tdsg8 x1vvkbs\" tabindex=\"-1\"></a></span>maio, data de assinatura da Lei \u00c1urea pela Princesa Isabel, o dia 20 de novembro foi proposto na d\u00e9cada de 1970 pelo Grupo Palmares, em refer\u00eancia ao dia atribu\u00eddo \u00e0 morte de Zumbi dos Palmares, em 1695 \u2013 um dos maiores l\u00edderes negros do Brasil que lutou pela liberta\u00e7\u00e3o do povo contra o sistema escravista \u2013 com o prop\u00f3sito de ressaltar o protagonismo das pessoas negras. A data, dentre outros temas, suscita quest\u00f5es sobre racismo, discrimina\u00e7\u00e3o, igualdade social, inclus\u00e3o de negros na sociedade e a cultura afro-brasileira, assim como a promo\u00e7\u00e3o de f\u00f3runs, debates e outras atividades que valorizam a cultura africana.</div>\r\n</div>\r\n<div class=\"x11i5rnm xat24cr x1mh8g0r x1vvkbs xtlvy1s x126k92a\">\r\n<div dir=\"auto\">Fonte: <span class=\"html-span xdj266r x11i5rnm xat24cr x1mh8g0r xexx8yu x4uap5 x18d9i69 xkhd6sd x1hl2dhg x16tdsg8 x1vvkbs\"><a class=\"x1i10hfl xjbqb8w x1ejq31n xd10rxx x1sy0etr x17r0tee x972fbf xcfux6l x1qhh985 xm0m39n x9f619 x1ypdohk xt0psk2 xe8uvvx xdj266r x11i5rnm xat24cr x1mh8g0r xexx8yu x4uap5 x18d9i69 xkhd6sd x16tdsg8 x1hl2dhg xggy1nq x1a2a7pz x1sur9pj xkrqix3 x1fey0fg x1s688f\" href=\"https://pt.wikipedia.org/wiki/Dia_Nacional_de_Zumbi_e_da_Consci%C3%AAncia_Negra?fbclid=IwZXh0bgNhZW0CMTAAAR3ttK7U2z6MwcZzBhp4xbV32e4Nx4OxU77ouKdmg-ziridjbAi7Ke3fDNA_aem_i6X6uOE4KGuUNJuoij5f6w\" rel=\"nofollow noreferrer\" tabindex=\"0\" target=\"_blank\">https://pt.wikipedia.org/.../Dia_Nacional_de_Zumbi_e_da...</a></span></div>\r\n</div>", "author_name": "", "version": "1.0", "author_url": "https://www.barradoquarai.rs.leg.br/author/adm", "provider_name": "C\u00e2mara Municipal de Barra do Quara\u00ed-RS", "type": "rich"}