{"provider_url": "https://www.barradoquarai.rs.leg.br", "title": "222\u00aa REUNI\u00c3O ORDIN\u00c1RIA DA ULFRO", "html": "<div class=\"xdj266r x14z9mp xat24cr x1lziwak x1vvkbs x126k92a\">\r\n<div dir=\"auto\">222\u00aa REUNI\u00c3O ORDIN\u00c1RIA DA ULFRO</div>\r\n</div>\r\n<div class=\"x14z9mp xat24cr x1lziwak x1vvkbs xtlvy1s x126k92a\">\r\n<div dir=\"auto\"><span class=\"html-span xdj266r x14z9mp xat24cr x1lziwak xexx8yu xyri2b x18d9i69 x1c1uobl x1hl2dhg x16tdsg8 x1vvkbs\"><a class=\"html-a xdj266r x14z9mp xat24cr x1lziwak xexx8yu xyri2b x18d9i69 x1c1uobl x1hl2dhg x16tdsg8 x1vvkbs\" tabindex=\"-1\"></a></span> O Vereador Mario Augusto Teixeira de Sousa, Presidente da Uni\u00e3o dos Legislativos da Fronteira Oeste - ULFRO e o Vereador Rick Romero Mossi, Presidente da C\u00e2mara de Vereadores de Barra do Quara\u00ed, tem a honra de convidar as Vossas Excel\u00eancias para participarem da 222\u00aa Reuni\u00e3o Ordin\u00e1ria da ULFRO, que ser\u00e1 realizada nos dias 16, das 14h \u00e0s 18h e 17 de outubro, das 9h \u00e0s 12h, na C\u00e2mara Municipal de Vereadores de Barra do Quara\u00ed, situada \u00e0 Av. Salustiano Marty, n\u00b0 846.</div>\r\n<div dir=\"auto\"></div>\r\n</div>\r\n<div class=\"x14z9mp xat24cr x1lziwak x1vvkbs xtlvy1s x126k92a\">\r\n<div dir=\"auto\">16/10/2025:</div>\r\n<div dir=\"auto\">Palestrante: Sr. Argemiro Rocha, Secret\u00e1rio do Meio Ambiente, Turismo e Integra\u00e7\u00e3o Fronteiri\u00e7a\".</div>\r\n<div dir=\"auto\">TEMA: \"Corredor Biol\u00f3gico Trinacional\"</div>\r\n<div dir=\"auto\"></div>\r\n</div>\r\n<div class=\"x14z9mp xat24cr x1lziwak x1vvkbs xtlvy1s x126k92a\">\r\n<div dir=\"auto\">17/10/2025:</div>\r\n<div dir=\"auto\">Palestrante: Sr. Eng. Maximiliano Alves de Moraes, Coordenador Regional da AEGEA/Corsan.</div>\r\n<div dir=\"auto\">TEMA: \"A AEGEA/Corsan e os investimentos nos munic\u00edpio da Fronteira Oeste\".</div>\r\n</div>", "author_name": "", "version": "1.0", "author_url": "https://www.barradoquarai.rs.leg.br/author/adm", "provider_name": "C\u00e2mara Municipal de Barra do Quara\u00ed-RS", "type": "rich"}