{"provider_url": "https://www.barradoquarai.rs.leg.br", "title": "26 DE JULHO - DIA DOS AV\u00d3S", "html": "<div class=\"xdj266r x14z9mp xat24cr x1lziwak x1vvkbs x126k92a\">\r\n<div dir=\"auto\">26 DE JULHO - DIA DOS AV\u00d3S</div>\r\n</div>\r\n<div class=\"x14z9mp xat24cr x1lziwak x1vvkbs xtlvy1s x126k92a\">\r\n<div dir=\"auto\">O <span class=\"html-span xdj266r x14z9mp xat24cr x1lziwak xexx8yu xyri2b x18d9i69 x1c1uobl x1hl2dhg x16tdsg8 x1vvkbs\"><a class=\"html-a xdj266r x14z9mp xat24cr x1lziwak xexx8yu xyri2b x18d9i69 x1c1uobl x1hl2dhg x16tdsg8 x1vvkbs\" tabindex=\"-1\"></a></span>Dia dos Av\u00f3s \u00e9 comemorado anualmente em 26 de julho, Dia de S\u00e3o Joaquim e Santa Ana, os av\u00f3s de Jesus. Esta data celebra o amor, a sabedoria e a import\u00e2ncia dos av\u00f3s na vida das fam\u00edlias.</div>\r\n</div>\r\n<div class=\"x14z9mp xat24cr x1lziwak x1vvkbs xtlvy1s x126k92a\">\r\n<div dir=\"auto\">No Brasil, a data \u00e9 conhecida como \"Dia da Av\u00f3\" ou \"Dia da Vov\u00f3\". Sua origem \u00e9 portuguesa e tem como objetivo homenagear e agradecer toda a considera\u00e7\u00e3o e carinho dos av\u00f3s com os seus netos.</div>\r\n</div>\r\n<div class=\"x14z9mp xat24cr x1lziwak x1vvkbs xtlvy1s x126k92a\">\r\n<div dir=\"auto\">Os av\u00f3s s\u00e3o feitos de amor puro, sabedoria e abra\u00e7os que acolhem a alma.</div>\r\n</div>", "author_name": "", "version": "1.0", "author_url": "https://www.barradoquarai.rs.leg.br/author/adm", "provider_name": "C\u00e2mara Municipal de Barra do Quara\u00ed-RS", "type": "rich"}