{"provider_url": "https://www.barradoquarai.rs.leg.br", "title": "AVISO \u00c0 COMUNIDADE BARRENSE - CORSAN", "html": "<div class=\"xdj266r x14z9mp xat24cr x1lziwak x1vvkbs x126k92a\">\r\n<div dir=\"auto\">AVISO \u00c0 COMUNIDADE BARRENSE</div>\r\n</div>\r\n<div class=\"x14z9mp xat24cr x1lziwak x1vvkbs xtlvy1s x126k92a\">\r\n<div dir=\"auto\"><span class=\"html-span xdj266r x14z9mp xat24cr x1lziwak xexx8yu xyri2b x18d9i69 x1c1uobl x1hl2dhg x16tdsg8 x1vvkbs\"><a class=\"html-a xdj266r x14z9mp xat24cr x1lziwak xexx8yu xyri2b x18d9i69 x1c1uobl x1hl2dhg x16tdsg8 x1vvkbs\" tabindex=\"-1\"></a></span> A C\u00e2mara Municipal de Vereadores de Barra do Quara\u00ed informa que a Corsan estar\u00e1 presente em frente a esta Casa Legislativa, prestando atendimento \u00e0 popula\u00e7\u00e3o para tratar de demandas, d\u00favidas e solicita\u00e7\u00f5es relacionadas aos servi\u00e7os de \u00e1gua e saneamento.</div>\r\n</div>\r\n<div class=\"x14z9mp xat24cr x1lziwak x1vvkbs xtlvy1s x126k92a\">\r\n<div dir=\"auto\"><span class=\"html-span xexx8yu xyri2b x18d9i69 x1c1uobl x1hl2dhg x16tdsg8 x1vvkbs x3nfvp2 x1j61x8r x1fcty0u xdj266r xat24cr xm2jcoa x1mpyi22 xxymvpz xlup9mm x1kky2od\"><img alt=\"\ud83d\udcc5\" class=\"xz74otr x15mokao x1ga7v0g x16uus16 xbiv7yw\" height=\"16\" src=\"https://static.xx.fbcdn.net/images/emoji.php/v9/t7e/1/16/1f4c5.png\" width=\"16\" /></span> Data: 28 e 29/10/2025 - Ter\u00e7a e quarta-feira</div>\r\n<div dir=\"auto\"><span class=\"html-span xexx8yu xyri2b x18d9i69 x1c1uobl x1hl2dhg x16tdsg8 x1vvkbs x3nfvp2 x1j61x8r x1fcty0u xdj266r xat24cr xm2jcoa x1mpyi22 xxymvpz xlup9mm x1kky2od\"><img alt=\"\ud83d\udd52\" class=\"xz74otr x15mokao x1ga7v0g x16uus16 xbiv7yw\" height=\"16\" src=\"https://static.xx.fbcdn.net/images/emoji.php/v9/taa/1/16/1f552.png\" width=\"16\" /></span> Hor\u00e1rio: 9h ao meio-dia e das 13h \u00e0s 16h</div>\r\n<div dir=\"auto\"><span class=\"html-span xexx8yu xyri2b x18d9i69 x1c1uobl x1hl2dhg x16tdsg8 x1vvkbs x3nfvp2 x1j61x8r x1fcty0u xdj266r xat24cr xm2jcoa x1mpyi22 xxymvpz xlup9mm x1kky2od\"><img alt=\"\ud83d\udccd\" class=\"xz74otr x15mokao x1ga7v0g x16uus16 xbiv7yw\" height=\"16\" src=\"https://static.xx.fbcdn.net/images/emoji.php/v9/t2d/1/16/1f4cd.png\" width=\"16\" /></span> Local: em frente \u00e0 C\u00e2mara Municipal</div>\r\n</div>\r\n<div class=\"x14z9mp xat24cr x1lziwak x1vvkbs xtlvy1s x126k92a\">\r\n<div dir=\"auto\">Convidamos todos os moradores a comparecer e aproveitar esta oportunidade para resolver pend\u00eancias e esclarecer informa\u00e7\u00f5es diretamente com a equipe da Unidade M\u00f3vel da Corsan.</div>\r\n</div>", "author_name": "", "version": "1.0", "author_url": "https://www.barradoquarai.rs.leg.br/author/adm", "provider_name": "C\u00e2mara Municipal de Barra do Quara\u00ed-RS", "type": "rich"}