{"provider_url": "https://www.barradoquarai.rs.leg.br", "title": "C\u00c2MARA ENTRA EM RECESSO PARLAMENTAR", "html": "<p>A C\u00e2mara de Vereadores de Barra do Quara\u00ed entrar\u00e1 a partir do dia 16 a 31 de julho em recesso parlamentar, este ser\u00e1 o \u00faltimo recesso, pois a Casa Legislativa alterou o Regimento Interno, retirando-o neste per\u00edodo.</p>\r\n<p><span>A Casa permanece com suas atividades administrativas normalmente.</span></p>\r\n<p>A retomada das Sess\u00f5es Solenes Ordin\u00e1rias acontecer\u00e3o em agosto, nas segundas-feiras, com hor\u00e1rio a ser definido para que a comunidade possa acompanhar as reuni\u00f5es.</p>", "author_name": "", "version": "1.0", "author_url": "https://www.barradoquarai.rs.leg.br/author/adm", "provider_name": "C\u00e2mara Municipal de Barra do Quara\u00ed-RS", "type": "rich"}