{"provider_url": "https://www.barradoquarai.rs.leg.br", "title": "CART\u00d3RIO ELEITORAL EM BARRA DO QUARA\u00cd", "html": "<div class=\"xdj266r x11i5rnm xat24cr x1mh8g0r x1vvkbs x126k92a\">\r\n<div dir=\"auto\">CART\u00d3RIO ELEITORAL EM BARRA DO QUARA\u00cd</div>\r\n</div>\r\n<div class=\"x11i5rnm xat24cr x1mh8g0r x1vvkbs xtlvy1s x126k92a\">\r\n<div dir=\"auto\"><span class=\"html-span xdj266r x11i5rnm xat24cr x1mh8g0r xexx8yu x4uap5 x18d9i69 xkhd6sd x1hl2dhg x16tdsg8 x1vvkbs\"><a class=\"html-a xdj266r x11i5rnm xat24cr x1mh8g0r xexx8yu x4uap5 x18d9i69 xkhd6sd x1hl2dhg x16tdsg8 x1vvkbs\" tabindex=\"-1\"></a></span> Na pr\u00f3xima quarta-feira (30), o Cart\u00f3rio Eleitoral estar\u00e1 atendendo em Barra do Quara\u00ed, na Escola Municipal 22 de Outubro, das 9h \u00e0s 14h.</div>\r\n<div dir=\"auto\"></div>\r\n</div>\r\n<div class=\"x11i5rnm xat24cr x1mh8g0r x1vvkbs xtlvy1s x126k92a\">\r\n<div dir=\"auto\"><span class=\"html-span xexx8yu x4uap5 x18d9i69 xkhd6sd x1hl2dhg x16tdsg8 x1vvkbs x3nfvp2 x1j61x8r x1fcty0u xdj266r xat24cr xgzva0m xhhsvwb xxymvpz xlup9mm x1kky2od\"><img alt=\"\u2705\" class=\"xz74otr x168nmei x13lgxp2 x5pf9jr xo71vjh\" height=\"16\" src=\"https://static.xx.fbcdn.net/images/emoji.php/v9/t33/1/16/2705.png\" width=\"16\" /></span>IMPORTANTE: O servi\u00e7o (requerimento) deve ser feito primeiramente pela internet: <span class=\"html-span xdj266r x11i5rnm xat24cr x1mh8g0r xexx8yu x4uap5 x18d9i69 xkhd6sd x1hl2dhg x16tdsg8 x1vvkbs\"><a class=\"x1i10hfl xjbqb8w x1ejq31n xd10rxx x1sy0etr x17r0tee x972fbf xcfux6l x1qhh985 xm0m39n x9f619 x1ypdohk xt0psk2 xe8uvvx xdj266r x11i5rnm xat24cr x1mh8g0r xexx8yu x4uap5 x18d9i69 xkhd6sd x16tdsg8 x1hl2dhg xggy1nq x1a2a7pz xkrqix3 x1sur9pj x1fey0fg x1s688f\" href=\"https://jedigital.tre-rs.jus.br/jed/grupos/143?fbclid=IwZXh0bgNhZW0CMTAAYnJpZBExZlJqaDZkQkRRYUwybWRDQwEeOp6f9J77pxFvffwFjAZbiBtZILKj-Zi1TBFw4w7mZmbQNPZEIKovYZi7-Tg_aem_8NgzhzRysgjOA5ItGVgHTw\" rel=\"nofollow\" tabindex=\"0\" target=\"_blank\">https://jedigital.tre-rs.jus.br/jed/grupos/143</a></span></div>\r\n</div>\r\n<div class=\"x11i5rnm xat24cr x1mh8g0r x1vvkbs xtlvy1s x126k92a\">\r\n<div dir=\"auto\"><span class=\"html-span xexx8yu x4uap5 x18d9i69 xkhd6sd x1hl2dhg x16tdsg8 x1vvkbs x3nfvp2 x1j61x8r x1fcty0u xdj266r xat24cr xgzva0m xhhsvwb xxymvpz xlup9mm x1kky2od\"><br /></span></div>\r\n<div dir=\"auto\"><span class=\"html-span xexx8yu x4uap5 x18d9i69 xkhd6sd x1hl2dhg x16tdsg8 x1vvkbs x3nfvp2 x1j61x8r x1fcty0u xdj266r xat24cr xgzva0m xhhsvwb xxymvpz xlup9mm x1kky2od\"><img alt=\"\u2705\" class=\"xz74otr x168nmei x13lgxp2 x5pf9jr xo71vjh\" height=\"16\" src=\"https://static.xx.fbcdn.net/images/emoji.php/v9/t33/1/16/2705.png\" width=\"16\" /></span>OBSERVA\u00c7\u00c3O: Nesta data, o Cart\u00f3rio Eleitoral concluir\u00e1 o processo com a coleta da biometria e foto do eleitor.</div>\r\n</div>\r\n<div class=\"x11i5rnm xat24cr x1mh8g0r x1vvkbs xtlvy1s x126k92a\">\r\n<div dir=\"auto\"></div>\r\n<div dir=\"auto\">Fonte: Facebook Fernando Alonso</div>\r\n</div>", "author_name": "", "version": "1.0", "author_url": "https://www.barradoquarai.rs.leg.br/author/adm", "provider_name": "C\u00e2mara Municipal de Barra do Quara\u00ed-RS", "type": "rich"}