{"provider_url": "https://www.barradoquarai.rs.leg.br", "title": "Coleta Seletiva: vereador pede informa\u00e7\u00f5es", "html": "<p>Na sess\u00e3o do dia 28/05, o Vereador Richard de Souza solicitou informa\u00e7\u00f5es \u00e0 Secretaria de Meio Ambiente e Turismo sobre a\u00e7\u00f5es e atividades desenvolvidas ou j\u00e1 planejadas visando a implanta\u00e7\u00e3o da Coleta Seletiva no munic\u00edpio de Barra do Quara\u00ed.<br />Segundo o Vereador \"o munic\u00edpio disp\u00f5e de um plano municipal de res\u00edduos s\u00f3lidos que prev\u00ea a implanta\u00e7\u00e3o da politica de coleta seletiva, al\u00e9m de previs\u00e3o no Plano Plurianual (PPA 2017/2020), na LDO 2019 com diretrizes definidas e na LOA 2019 com projeto/atividade dotado de recursos financeiros para a execu\u00e7\u00e3o da Coleta Seletiva no munic\u00edpio\".<br />No documento, o Vereador afirma que o munic\u00edpio n\u00e3o disp\u00f5e mais de um aterro sanit\u00e1rio licenciado e que a Prefeitura j\u00e1 manifestou interesse em contratar empresa especializada para a destina\u00e7\u00e3o do \"lixo\" domiciliar coletado sendo em m\u00e9dia de tr\u00eas toneladas ao dia.<br />\"O valor desse servi\u00e7o \u00e9 alto e mais de 50% desse material coletado pode ser reciclado\", afirma Richard de Souza.<br />Diante disso se justifica o pedido de informa\u00e7\u00f5es do Vereador ao \u00f3rg\u00e3o competente por se tratar de uma pol\u00edtica p\u00fablica de extrema import\u00e2ncia para a prote\u00e7\u00e3o do meio ambiente e com grande impacto social</p>", "author_name": "", "version": "1.0", "author_url": "https://www.barradoquarai.rs.leg.br/author/adm", "provider_name": "C\u00e2mara Municipal de Barra do Quara\u00ed-RS", "type": "rich"}