{"provider_url": "https://www.barradoquarai.rs.leg.br", "title": "COMUNICADO PORTARIA N\u00b0 101/2025", "html": "<div class=\"xdj266r x14z9mp xat24cr x1lziwak x1vvkbs x126k92a\">\r\n<div dir=\"auto\">COMUNICADO</div>\r\n</div>\r\n<div class=\"x14z9mp xat24cr x1lziwak x1vvkbs xtlvy1s x126k92a\">\r\n<div dir=\"auto\">O <span class=\"html-span xdj266r x14z9mp xat24cr x1lziwak xexx8yu xyri2b x18d9i69 x1c1uobl x1hl2dhg x16tdsg8 x1vvkbs\"><a class=\"html-a xdj266r x14z9mp xat24cr x1lziwak xexx8yu xyri2b x18d9i69 x1c1uobl x1hl2dhg x16tdsg8 x1vvkbs\" tabindex=\"-1\"></a></span>Vereador Luis Fernando Alonso, Presidente em exerc\u00edcio da C\u00e2mara de Vereadores de Barra do Quara\u00ed, no uso de suas atribui\u00e7\u00f5es legais e regimentais RESOLVE atrav\u00e9s da Portaria n\u00ba 101/2025, de 15 de julho de 2025, que o expediente da C\u00e2mara Municipal de Barra do Quara\u00ed, durante o recesso legislativo,\u00a0<span>do dia 16/07/2025 a 31/07/2025, ser\u00e1 das 8h \u00e0s 12h.</span></div>\r\n</div>\r\n<div class=\"x14z9mp xat24cr x1lziwak x1vvkbs xtlvy1s x126k92a\">\r\n<div dir=\"auto\">Esta Portaria entra em vigor na data de sua publica\u00e7\u00e3o.</div>\r\n<div dir=\"auto\"></div>\r\n</div>\r\n<div class=\"x14z9mp xat24cr x1lziwak x1vvkbs xtlvy1s x126k92a\">\r\n<div dir=\"auto\">Gabinete da Presid\u00eancia, 15 de julho de 2025</div>\r\n</div>", "author_name": "", "version": "1.0", "author_url": "https://www.barradoquarai.rs.leg.br/author/adm", "provider_name": "C\u00e2mara Municipal de Barra do Quara\u00ed-RS", "type": "rich"}