{"provider_url": "https://www.barradoquarai.rs.leg.br", "title": "DIA 05 DE AGOSTO - DIA NACIONAL DA SA\u00daDE", "html": "<div class=\"xdj266r x14z9mp xat24cr x1lziwak x1vvkbs x126k92a\">\r\n<div dir=\"auto\">DIA 05 DE AGOSTO - DIA NACIONAL DA SA\u00daDE</div>\r\n</div>\r\n<div class=\"x14z9mp xat24cr x1lziwak x1vvkbs xtlvy1s x126k92a\">\r\n<div dir=\"auto\"><span class=\"html-span xdj266r x14z9mp xat24cr x1lziwak xexx8yu xyri2b x18d9i69 x1c1uobl x1hl2dhg x16tdsg8 x1vvkbs\"><a class=\"html-a xdj266r x14z9mp xat24cr x1lziwak xexx8yu xyri2b x18d9i69 x1c1uobl x1hl2dhg x16tdsg8 x1vvkbs\" tabindex=\"-1\"></a></span> Hoje comemora-se o Dia Nacional da Sa\u00fade no Brasil. A data, que tem como objetivo conscientizar as pessoas sobre a import\u00e2ncia da educa\u00e7\u00e3o sanit\u00e1ria e a ter um estilo de vida mais saud\u00e1vel, foi escolhida em homenagem ao m\u00e9dico e sanitarista Oswaldo Gon\u00e7alves Cruz, que nasceu em 5 de agosto de 1872.</div>\r\n</div>\r\n<div class=\"x14z9mp xat24cr x1lziwak x1vvkbs xtlvy1s x126k92a\">\r\n<div dir=\"auto\">Oswaldo Cruz foi um importante personagem na hist\u00f3ria do combate e erradica\u00e7\u00e3o das epidemias da febre amarela, peste bub\u00f4nica e a var\u00edola no Brasil. Al\u00e9m de ter fundado em 1900 o Instituto Soroter\u00e1pico Federal, transformado em 1908 em Instituto Oswaldo Cruz.</div>\r\n</div>\r\n<div class=\"x14z9mp xat24cr x1lziwak x1vvkbs xtlvy1s x126k92a\">\r\n<div dir=\"auto\">Fonte: <span class=\"html-span xdj266r x14z9mp xat24cr x1lziwak xexx8yu xyri2b x18d9i69 x1c1uobl x1hl2dhg x16tdsg8 x1vvkbs\"><a class=\"x1i10hfl xjbqb8w x1ejq31n x18oe1m7 x1sy0etr xstzfhl x972fbf x10w94by x1qhh985 x14e42zd x9f619 x1ypdohk xt0psk2 xe8uvvx xdj266r x14z9mp xat24cr x1lziwak xexx8yu xyri2b x18d9i69 x1c1uobl x16tdsg8 x1hl2dhg xggy1nq x1a2a7pz xkrqix3 x1sur9pj x1fey0fg x1s688f\" href=\"https://l.facebook.com/l.php?u=https%3A%2F%2Fbvsms.saude.gov.br%2F05-8-dia-nacional-da-saude-e-dia-do-nascimento-de-oswaldo-cruz%2F%3Ffbclid%3DIwZXh0bgNhZW0CMTAAYnJpZBExMTR0MG1qVHBHMlA5cTN6MgEeWWITQZl1LjubX8PiridNyusgp0sXPuWrKJkokDTDrSeTMgYjI-nBpxAkCCg_aem_rDtuYz_KnOvTyi6YiS7tlg&amp;h=AT3i8mmQ9HRhvChkbFLL-wKXaZS4DiLfSedsRDIcLLQHKUF2-VfME2Juor5weOuZbrCTkcelRiRZKgpHTQ8jmM4Jq1RTW1K4ijX7qjC4kkeuSc2Pzrv0BdDbv83wcfRwjG6aetttyRCrEA&amp;__tn__=-UK-R&amp;c[0]=AT3HDMfzV8jcf8v9kMNM7Cm2AhevnWnmKTxxG3SqbFkKHVzNPYDIP6UcgOwDy-PE3_kyM7pQUa92e2YvYqg30xPK3GtWnhjmRTYyHMO0sMu_7KCSXm1wR6bxEwgwqi2pyy2VpQVSXltYskLeEB6H_SjOSCVyLU5dqYHCCv0qCg\" rel=\"nofollow\" tabindex=\"0\" target=\"_blank\">https://bvsms.saude.gov.br/05-8-dia-nacional-da-saude-e.../</a></span></div>\r\n</div>", "author_name": "", "version": "1.0", "author_url": "https://www.barradoquarai.rs.leg.br/author/adm", "provider_name": "C\u00e2mara Municipal de Barra do Quara\u00ed-RS", "type": "rich"}