{"provider_url": "https://www.barradoquarai.rs.leg.br", "title": "NOTA DE PESAR", "html": "<div class=\"xdj266r x14z9mp xat24cr x1lziwak x1vvkbs x126k92a\">\r\n<div dir=\"auto\">NOTA DE PESAR</div>\r\n</div>\r\n<div class=\"x14z9mp xat24cr x1lziwak x1vvkbs xtlvy1s x126k92a\">\r\n<div dir=\"auto\"><span class=\"html-span xdj266r x14z9mp xat24cr x1lziwak xexx8yu xyri2b x18d9i69 x1c1uobl x1hl2dhg x16tdsg8 x1vvkbs\"><a class=\"html-a xdj266r x14z9mp xat24cr x1lziwak xexx8yu xyri2b x18d9i69 x1c1uobl x1hl2dhg x16tdsg8 x1vvkbs\" tabindex=\"-1\"></a></span> A C\u00e2mara Municipal de Vereadores de Barra do Quara\u00ed manifesta seu pesar e sua solidariedade \u00e0 fam\u00edlia do Sr. Amauri Jos\u00e9 Cancian Scapin, pai do Vice-Prefeito, Mario Scapin.</div>\r\n</div>\r\n<div class=\"x14z9mp xat24cr x1lziwak x1vvkbs xtlvy1s x126k92a\">\r\n<div dir=\"auto\">Sua partida deixa um vazio imensur\u00e1vel em nossa comunidade. Que sua mem\u00f3ria seja sempre lembrada com carinho e gratid\u00e3o por todos aqueles que tiveram o privil\u00e9gio de conhec\u00ea-lo e conviver com ele.</div>\r\n</div>\r\n<div class=\"x14z9mp xat24cr x1lziwak x1vvkbs xtlvy1s x126k92a\">\r\n<div dir=\"auto\">Em nome dos Vereadores e Servidores desta Casa Legislativa, expressamos nossos sinceros sentimentos.</div>\r\n</div>", "author_name": "", "version": "1.0", "author_url": "https://www.barradoquarai.rs.leg.br/author/adm", "provider_name": "C\u00e2mara Municipal de Barra do Quara\u00ed-RS", "type": "rich"}