{"provider_url": "https://www.barradoquarai.rs.leg.br", "title": "NOTA DE PESAR AO EX-VEREADOR Z\u00c9 RIELA", "html": "<p class=\"_04xlpA direction-ltr align-center para-style-body\"><span class=\"JsGRdQ\">A C\u00e2mara de Vereadores de Barra do\u00a0</span><span class=\"JsGRdQ\">Quara\u00ed, em nome de seus vereadores e funcion\u00e1rios, manifesta o mais profundo pesar,</span><span class=\"JsGRdQ white-space-prewrap\"> </span><span class=\"JsGRdQ\">pelo falecimento\u00a0</span><span class=\"JsGRdQ\">do ex-vereador Jos\u00e9 Le\u00e3o Repiso Riela (Z\u00e9 Riela),</span><span class=\"JsGRdQ white-space-prewrap\"> </span><span class=\"JsGRdQ\">ocorrido no dia 16/07/2022.</span></p>\r\n<p class=\"_04xlpA direction-ltr align-center para-style-body\"><span class=\"JsGRdQ\">Z\u00e9 Riela, exerceu, em 1997, o mandato\u00a0</span><span>de vereador em Barra do Quara\u00ed, durante a primeira composi\u00e7\u00e3o do Poder Legislativo, tendo sido tamb\u00e9m seu primeiro presidente.</span></p>\r\n<p class=\"_04xlpA direction-ltr align-center para-style-body\"><span class=\"JsGRdQ\">Na oportunidade presta sinceras condol\u00eancias aos familiares e amigos por t\u00e3o profunda e grande perda.</span><span class=\"JsGRdQ white-space-prewrap\"></span></p>", "author_name": "", "version": "1.0", "author_url": "https://www.barradoquarai.rs.leg.br/author/adm", "provider_name": "C\u00e2mara Municipal de Barra do Quara\u00ed-RS", "type": "rich"}