{"provider_url": "https://www.barradoquarai.rs.leg.br", "title": "NOVO HOR\u00c1RIO DAS SESS\u00d5ES PLEN\u00c1RIAS", "html": "<div class=\"xdj266r x14z9mp xat24cr x1lziwak x1vvkbs x126k92a\">\r\n<div dir=\"auto\">COMUNICADO</div>\r\n</div>\r\n<div class=\"x14z9mp xat24cr x1lziwak x1vvkbs xtlvy1s x126k92a\">\r\n<div dir=\"auto\">O <span class=\"html-span xdj266r x14z9mp xat24cr x1lziwak xexx8yu xyri2b x18d9i69 x1c1uobl x1hl2dhg x16tdsg8 x1vvkbs\"><a class=\"html-a xdj266r x14z9mp xat24cr x1lziwak xexx8yu xyri2b x18d9i69 x1c1uobl x1hl2dhg x16tdsg8 x1vvkbs\" tabindex=\"-1\"></a></span>Vereador Rick Mossi, Presidente da C\u00e2mara de Vereadores de Barra do Quara\u00ed, no uso de suas atribui\u00e7\u00f5es legais e regimentais RESOLVE regulamentar atrav\u00e9s da Portaria n\u00ba 124/2025, de 02 de setembro de 2025, que o hor\u00e1rio das Sess\u00f5es Plen\u00e1rias Ordin\u00e1rias, ser\u00e1 todas as segundas-feiras, a partir das 19h.</div>\r\n</div>\r\n<div class=\"x14z9mp xat24cr x1lziwak x1vvkbs xtlvy1s x126k92a\">\r\n<div dir=\"auto\">Esta Portaria entra em vigor a partir do dia 08/09/2025.</div>\r\n</div>\r\n<div class=\"x14z9mp xat24cr x1lziwak x1vvkbs xtlvy1s x126k92a\">\r\n<div dir=\"auto\">Gabinete da Presid\u00eancia, 02 de setembro de 2025</div>\r\n</div>", "author_name": "", "version": "1.0", "author_url": "https://www.barradoquarai.rs.leg.br/author/adm", "provider_name": "C\u00e2mara Municipal de Barra do Quara\u00ed-RS", "type": "rich"}