{"provider_url": "https://www.barradoquarai.rs.leg.br", "title": "PAUTA SESS\u00c3O EXTRAORDIN\u00c1RIA N\u00b0 13/2024", "html": "<p>PAUTA SESS\u00c3O EXTRAORDIN\u00c1RIA N\u00b0 13/2024</p>\r\n<p class=\"cvGsUA direction-ltr align-start para-style-body\">\u00a0</p>\r\n<p class=\"cvGsUA direction-ltr align-start para-style-body\"><span class=\"OYPEnA text-decoration-none text-strikethrough-none\">PROPOSI\u00c7\u00c3O EM VOTA\u00c7\u00c3O: ORDEM DO DIA:</span></p>\r\n<p class=\"cvGsUA direction-ltr align-start para-style-body\"><span class=\"OYPEnA text-decoration-none text-strikethrough-none\">-&gt; C\u00e2mara Municipal de Vereadores de Barra do Quara\u00ed: PL n\u00b0 002/2024 (Legislativo): </span><span class=\"OYPEnA text-decoration-none text-strikethrough-none\">Fixa os\u00a0</span><span class=\"OYPEnA text-decoration-none text-strikethrough-none\">subs\u00eddios do Prefeito e Vice-Prefeito para a\u00a0</span><span>Legislatura 2025/2028.</span></p>\r\n<p class=\"cvGsUA direction-ltr align-start para-style-body\"><span class=\"OYPEnA text-decoration-none text-strikethrough-none\">-&gt; C\u00e2mara Municipal de Vereadores de Barra do Quara\u00ed: </span><span class=\"OYPEnA text-decoration-none text-strikethrough-none\">Projeto de Resolu\u00e7\u00e3o n\u00b0 008/2024 (Legislativo): Altera o caput do Art. 7 da Resolu\u00e7\u00e3o 037/2024.</span></p>\r\n<p class=\"cvGsUA direction-ltr align-start para-style-body\"><span class=\"OYPEnA text-decoration-none text-strikethrough-none\">-&gt; C\u00e2mara Municipal de Vereadores de Barra do Quara\u00ed: </span><span class=\"OYPEnA text-decoration-none text-strikethrough-none\">Projeto de Resolu\u00e7\u00e3o n\u00b0 009/2024 (Legislativo): Autoriza cr\u00e9dito adicional suplementar.</span></p>", "author_name": "", "version": "1.0", "author_url": "https://www.barradoquarai.rs.leg.br/author/adm", "provider_name": "C\u00e2mara Municipal de Barra do Quara\u00ed-RS", "type": "rich"}