{"provider_url": "https://www.barradoquarai.rs.leg.br", "title": "PAUTA SESS\u00c3O EXTRAORDIN\u00c1RIA n\u00ba 03/2023", "html": "<div class=\"x11i5rnm xat24cr x1mh8g0r x1vvkbs xdj266r x126k92a\">\r\n<div dir=\"auto\">PAUTA SESS\u00c3O EXTRAORDIN\u00c1RIA n\u00ba 03/2023</div>\r\n<div dir=\"auto\">13 de fevereiro de 2023 - 20h.</div>\r\n</div>\r\n<div class=\"x11i5rnm xat24cr x1mh8g0r x1vvkbs xtlvy1s x126k92a\">\r\n<div dir=\"auto\"></div>\r\n<div dir=\"auto\">EXPEDIENTE:</div>\r\n<div dir=\"auto\">-&gt; Of\u00edcio GAPRE n\u00ba 35/2023: Convoca\u00e7\u00e3o de Sess\u00e3o Extraordin\u00e1ria.</div>\r\n</div>\r\n<div class=\"x11i5rnm xat24cr x1mh8g0r x1vvkbs xtlvy1s x126k92a\">\r\n<div dir=\"auto\"><span><a tabindex=\"-1\"></a></span>PROPOSI\u00c7\u00c3O EM VOTA\u00c7\u00c3O:</div>\r\n<div dir=\"auto\">-&gt; PL n\u00ba 007 (Executivo): Autoriza a contrata\u00e7\u00e3o emergencial de profissionais da \u00e1rea da Sa\u00fade.</div>\r\n</div>", "author_name": "", "version": "1.0", "author_url": "https://www.barradoquarai.rs.leg.br/author/adm", "provider_name": "C\u00e2mara Municipal de Barra do Quara\u00ed-RS", "type": "rich"}