{"provider_url": "https://www.barradoquarai.rs.leg.br", "title": "PAUTA SESS\u00c3O ORDIN\u00c1RIA N\u00b0 26/2025", "html": "<div class=\"xdj266r x14z9mp xat24cr x1lziwak x1vvkbs x126k92a\">\r\n<div dir=\"auto\">PAUTA SESS\u00c3O ORDIN\u00c1RIA N\u00b0 26/2025</div>\r\n</div>\r\n<div class=\"x14z9mp xat24cr x1lziwak x1vvkbs xtlvy1s x126k92a\">\r\n<div dir=\"auto\"><span class=\"html-span xdj266r x14z9mp xat24cr x1lziwak xexx8yu xyri2b x18d9i69 x1c1uobl x1hl2dhg x16tdsg8 x1vvkbs\"><a class=\"html-a xdj266r x14z9mp xat24cr x1lziwak xexx8yu xyri2b x18d9i69 x1c1uobl x1hl2dhg x16tdsg8 x1vvkbs\" tabindex=\"-1\"></a></span><span class=\"html-span xexx8yu xyri2b x18d9i69 x1c1uobl x1hl2dhg x16tdsg8 x1vvkbs x3nfvp2 x1j61x8r x1fcty0u xdj266r xat24cr xm2jcoa x1mpyi22 xxymvpz xlup9mm x1kky2od\"><img alt=\"\u2705\" class=\"xz74otr x15mokao x1ga7v0g x16uus16 xbiv7yw\" height=\"16\" src=\"https://static.xx.fbcdn.net/images/emoji.php/v9/t33/1/16/2705.png\" width=\"16\" /></span>DATA: 25/08/2025</div>\r\n<div dir=\"auto\"><span class=\"html-span xexx8yu xyri2b x18d9i69 x1c1uobl x1hl2dhg x16tdsg8 x1vvkbs x3nfvp2 x1j61x8r x1fcty0u xdj266r xat24cr xm2jcoa x1mpyi22 xxymvpz xlup9mm x1kky2od\"><img alt=\"\u23f0\" class=\"xz74otr x15mokao x1ga7v0g x16uus16 xbiv7yw\" height=\"16\" src=\"https://static.xx.fbcdn.net/images/emoji.php/v9/t34/1/16/23f0.png\" width=\"16\" /></span>HORA: 17H</div>\r\n</div>\r\n<div class=\"x14z9mp xat24cr x1lziwak x1vvkbs xtlvy1s x126k92a\">\r\n<div dir=\"auto\">EXPEDIENTE:</div>\r\n<div dir=\"auto\">-&gt; OF\u00cdCIO COREDE: Edital de Convoca\u00e7\u00e3o para elei\u00e7\u00e3o da Diretoria do COREDE-FO.</div>\r\n<div dir=\"auto\">-&gt; OF\u00cdCIO GAPRE n\u00b0 024/2025: Solicita\u00e7\u00e3o para que a C\u00e2mara Municipal indique um representante suplente para compor o Conselho Municipal da Cidade - COMCIDADE.</div>\r\n</div>\r\n<div class=\"x14z9mp xat24cr x1lziwak x1vvkbs xtlvy1s x126k92a\">\r\n<div dir=\"auto\">PROPOSI\u00c7\u00c3O EM DISCUSS\u00c3O PR\u00c9VIA:</div>\r\n<div dir=\"auto\">-&gt; PREFEITURA MUNICIPAL DE BARRA DO QUARA\u00cd: PL n\u00b0 052/2025 (Executivo) - Disp\u00f5e sobre o Plano Plurianual para o quadri\u00eanio 2026-2029 e d\u00e1 outras provid\u00eancias.</div>\r\n</div>\r\n<div class=\"x14z9mp xat24cr x1lziwak x1vvkbs xtlvy1s x126k92a\">\r\n<div dir=\"auto\">PROPOSI\u00c7\u00c3O EM VOTA\u00c7\u00c3O - ORDEM DO DIA:</div>\r\n<div dir=\"auto\">-&gt; PREFEITURA MUNICIPAL DE BARRA DO QUARA\u00cd: Of\u00edcio n\u00b0 005/2025 - SEMAT - Projeto de Lei Or\u00e7ament\u00e1ria n\u00b0 44/2024 - Altera\u00e7\u00e3o de despesa.</div>\r\n<div dir=\"auto\">-&gt; PREFEITURA MUNICIPAL DE BARRA DO QUARA\u00cd: Of\u00edcio GAPRE n\u00b0 279/2025 - Autoriza\u00e7\u00e3o de viagem do prefeito - reuni\u00e3o Comit\u00ea Executivo ampliado do CCRU.</div>\r\n</div>", "author_name": "", "version": "1.0", "author_url": "https://www.barradoquarai.rs.leg.br/author/adm", "provider_name": "C\u00e2mara Municipal de Barra do Quara\u00ed-RS", "type": "rich"}