{"provider_url": "https://www.barradoquarai.rs.leg.br", "title": "PAUTA SESS\u00c3O ORDIN\u00c1RIA N\u00ba 06/2024", "html": "<p class=\"cvGsUA direction-ltr align-start para-style-body\"><span class=\"OYPEnA text-decoration-none text-strikethrough-none\">PROPOSI\u00c7\u00c3O EM DISCUSS\u00c3O PR\u00c9VIA:</span><span class=\"OYPEnA text-decoration-none text-strikethrough-none white-space-prewrap\"> </span></p>\r\n<p class=\"cvGsUA direction-ltr align-start para-style-body\"><span class=\"OYPEnA text-decoration-none text-strikethrough-none\">-&gt; Of\u00edcio: Comunica\u00e7\u00e3o sobre o processo n\u00ba 022610-0200.18-0 - do Tribunal de Contas do Estado.</span></p>\r\n<p class=\"cvGsUA direction-ltr align-start para-style-body\">\u00a0PROPOSI\u00c7\u00c3O EM VOTA\u00c7\u00c3O: ORDEM DO DIA:</p>\r\n<p class=\"cvGsUA direction-ltr align-start para-style-body\"><span class=\"OYPEnA text-decoration-none text-strikethrough-none\">-&gt; C\u00e2mara Municipal de Vereadores de Barra do Quara\u00ed: Requerimento n\u00ba 002/2024 - Vereador Edenilson Brazeiro: Solicita equipamentos para a Corpora\u00e7\u00e3o de Bombeiros.</span></p>", "author_name": "", "version": "1.0", "author_url": "https://www.barradoquarai.rs.leg.br/author/adm", "provider_name": "C\u00e2mara Municipal de Barra do Quara\u00ed-RS", "type": "rich"}