{"provider_url": "https://www.barradoquarai.rs.leg.br", "title": "Prefeito Iad Choli fala aos Vereadores", "html": "<p>Em reuni\u00e3o na C\u00e2mara de Vereadores, ter\u00e7a-feira (11/09), o prefeito municipal Iad Choli apresentou aos parlamentares um cen\u00e1rio da situa\u00e7\u00e3o financeira municipal e propostas de gest\u00e3o. <br />Ao falar sobre a crise financeira e as medidas tomadas pela administra\u00e7\u00e3o, ressaltou o controle de gastos em diversas \u00e1reas. Deu explica\u00e7\u00f5es sobre a coleta de lixo no interior do munic\u00edpio, como surgiu e as dificuldades que est\u00e3o sendo enfrentadas. <br />Falou tamb\u00e9m sobre o abigeato e afirmou que seguran\u00e7a p\u00fablica \u00e9 obriga\u00e7\u00e3o do Estado. O munic\u00edpio entende o seu papel e tem colaborado para que o efetivo aumente em Barra do Quara\u00ed. <br />Defendeu a import\u00e2ncia do projeto referente a uniformiza\u00e7\u00e3o escolar. \"O uniforme escolar \u00e9 uma luta que assumi desde os tempos de vereador nesta Casa. Ele significa uma socializa\u00e7\u00e3o maior entre as crian\u00e7as, aumenta a conviv\u00eancia e a auto-estima, n\u00e3o separando quem que usa uma roupa melhor daquele que n\u00e3o tem\", comentou.<br />Sobre aquisi\u00e7\u00e3o de painel solar para gera\u00e7\u00e3o de energia nas escolas, barateando custos, salientou que \u00e9 um grande objetivo de sua administra\u00e7\u00e3o atualmente poss\u00edvel apenas atrav\u00e9s de emenda parlamentar em raz\u00e3o da crise financeira municipal.<br />O projeto social de regulariza\u00e7\u00e3o fundi\u00e1ria \u00e9 uma conquista de sua gest\u00e3o que surgiu e progrediu com o aplauso de toda a comunidade. O Prefeito lembrou o andamento din\u00e2mico desse projeto nas secretarias de seu governo. \"Essa medida ir\u00e1 beneficiar uma parte significativa dos nossos moradores\". <br />Finalizou suas palavras agradecendo a colabora\u00e7\u00e3o dos vereadores no processo de sua administra\u00e7\u00e3o.</p>", "author_name": "", "version": "1.0", "author_url": "https://www.barradoquarai.rs.leg.br/author/adm", "provider_name": "C\u00e2mara Municipal de Barra do Quara\u00ed-RS", "type": "rich"}