{"provider_url": "https://www.barradoquarai.rs.leg.br", "title": "SESS\u00c3O SOLENE", "html": "<div class=\"xdj266r x14z9mp xat24cr x1lziwak x1vvkbs x126k92a\">\r\n<div dir=\"auto\">SESS\u00c3O SOLENE</div>\r\n</div>\r\n<div class=\"x14z9mp xat24cr x1lziwak x1vvkbs xtlvy1s x126k92a\">\r\n<div dir=\"auto\"><span class=\"html-span xdj266r x14z9mp xat24cr x1lziwak xexx8yu xyri2b x18d9i69 x1c1uobl x1hl2dhg x16tdsg8 x1vvkbs\"><a class=\"html-a xdj266r x14z9mp xat24cr x1lziwak xexx8yu xyri2b x18d9i69 x1c1uobl x1hl2dhg x16tdsg8 x1vvkbs\" tabindex=\"-1\"></a></span> A C\u00e2mara Municipal de Barra do Quara\u00ed convida para a Sess\u00e3o Solene em comemora\u00e7\u00e3o aos 30 anos de emancipa\u00e7\u00e3o pol\u00edtica do munic\u00edpio, oportunidade em que haver\u00e1 entrega de Mo\u00e7\u00f5es Honrosas aos homenageados.</div>\r\n</div>\r\n<div class=\"x14z9mp xat24cr x1lziwak x1vvkbs xtlvy1s x126k92a\">\r\n<div dir=\"auto\">A cerim\u00f4nia ocorrer\u00e1 no dia 21 de outubro de 2025, \u00e0s 19h30, no Plen\u00e1rio Antonio Araci Meus.</div>\r\n</div>\r\n<div class=\"x14z9mp xat24cr x1lziwak x1vvkbs xtlvy1s x126k92a\">\r\n<div dir=\"auto\">Rick Mossi</div>\r\n<div dir=\"auto\">Presidente</div>\r\n</div>", "author_name": "", "version": "1.0", "author_url": "https://www.barradoquarai.rs.leg.br/author/adm", "provider_name": "C\u00e2mara Municipal de Barra do Quara\u00ed-RS", "type": "rich"}