{"provider_url": "https://www.barradoquarai.rs.leg.br", "title": "TRANSPORTE INTERMUNICIPAL EM PAUTA", "html": "<div class=\"xdj266r x11i5rnm xat24cr x1mh8g0r x1vvkbs x126k92a\">\r\n<div dir=\"auto\"><span>Na data de hoje, (19), o Presidente da C\u00e2mara de Vereadores, Valdemar Alves, participou da reuni\u00e3o com o prefeito Maher Jaber, e o prefeito em exerc\u00edcio, M\u00e1rio Scapin, onde receberam a visita do gerente regional da Planalto, o senhor \u00cdcaro.</span></div>\r\n</div>\r\n<div class=\"x11i5rnm xat24cr x1mh8g0r x1vvkbs xtlvy1s x126k92a\">\r\n<div dir=\"auto\">Na oportunidade, teve como pauta principal a regulariza\u00e7\u00e3o dos hor\u00e1rios do transporte de Barra do Quara\u00ed / Uruguaiana e vice-versa, tendo em vista a necessidade dos mun\u00edcipes em se deslocarem cedo \u00e0 cidade <span><a tabindex=\"-1\"></a></span>de Uruguaiana por quest\u00f5es pessoais, laboratoriais, hospitalares, consultas m\u00e9dicas, entre outros.</div>\r\n<div dir=\"auto\">O gerente regional, Sr. \u00cdcaro mencionou que na pr\u00f3xima segunda-feira (24) ter\u00e1 uma reuni\u00e3o com a supervis\u00e3o para tratar do assunto em pauta.</div>\r\n</div>", "author_name": "", "version": "1.0", "author_url": "https://www.barradoquarai.rs.leg.br/author/adm", "provider_name": "C\u00e2mara Municipal de Barra do Quara\u00ed-RS", "type": "rich"}