{"provider_url": "https://www.barradoquarai.rs.leg.br", "title": "Galeria de V\u00eddeos", "html": "<h2>ACESSO AOS V\u00cdDEOS DAS SESS\u00d5ES PLEN\u00c1RIAS DA C\u00c2MARA MUNICIPAL DA BARRA DO QUARAI-RS</h2>\r\n<p>\u00a0</p>\r\n<p>\u00a0</p>\r\n<table class=\"plain\">\r\n<tbody>\r\n<tr><th>DATAS DOS V\u00cdDEOS DAS SESS\u00d5ES PLEN\u00c1RIAS ANO 2021</th><th>DATAS DOS V\u00cdDEOS DAS SESS\u00d5ES PLEN\u00c1RIAS ANO 2022</th></tr>\r\n<tr>\r\n<td>&gt;&gt; 16<a class=\"external-link\" href=\"https://www.facebook.com/vereadoresbarradoquarai/videos/1124687924606923\" target=\"_self\" title=\"\">/08/2021 - Sess\u00e3o Plen\u00e1ria da C\u00e2mara n\u00ba 30/2021</a></td>\r\n<td><a class=\"external-link\" href=\"https://www.facebook.com/vereadoresbarradoquarai/videos/452398389922533\" target=\"_self\" title=\"\">&gt;&gt;28/01/2022 - Sess\u00e3o Plen\u00e1ria Extra.\u00a0 da C\u00e2mara n\u00ba 01/2022</a></td>\r\n</tr>\r\n<tr>\r\n<td>&gt;&gt; <a class=\"external-link\" href=\"https://www.facebook.com/vereadoresbarradoquarai/videos/233120858700278\" target=\"_self\" title=\"\">23/08/2021 - Sess\u00e3o Plen\u00e1ria da C\u00e2mara n\u00ba 31/2021</a></td>\r\n<td><a class=\"external-link\" href=\"https://www.facebook.com/vereadoresbarradoquarai/videos/1045657142707100\" target=\"_self\" title=\"\">&gt;&gt;28/01/2022 - Continua\u00e7\u00e3o Sess\u00e3o Plen\u00e1ria Extra. da C\u00e2mara n\u00ba 01/2022</a></td>\r\n</tr>\r\n<tr>\r\n<td>&gt;&gt;<a class=\"external-link\" href=\"https://www.facebook.com/vereadoresbarradoquarai/videos/409413210532718\" target=\"_self\" title=\"\">\u00a030/08/2021 - Sess\u00e3o Plen\u00e1ria da C\u00e2mara n\u00ba 32/2021</a></td>\r\n<td><a class=\"external-link\" href=\"https://www.facebook.com/vereadoresbarradoquarai/videos/457100979456185\" target=\"_self\" title=\"\">&gt;&gt;07/02/2022 - Sess\u00e3o Solene de Instala\u00e7\u00e3o da Sess\u00e3o Legislativa Ordin\u00e1ria - Pref Eng Maher Jaber</a></td>\r\n</tr>\r\n<tr>\r\n<td>&gt;&gt; 30<a class=\"external-link\" href=\"https://www.facebook.com/vereadoresbarradoquarai/videos/1016201729211919\" target=\"_self\" title=\"\">/08/2021 - Sess\u00e3o Plen\u00e1ria Extra. da C\u00e2mara n\u00ba 09/2021</a></td>\r\n<td><a class=\"external-link\" href=\"https://www.facebook.com/vereadoresbarradoquarai/videos/777149270342854\" target=\"_self\" title=\"\">&gt;&gt;07/02/2022 - Sess\u00e3o Plen\u00e1ria da C\u00e2mara n\u00ba 01/2022</a></td>\r\n</tr>\r\n<tr>\r\n<td>&gt;&gt; 08<a class=\"external-link\" href=\"https://www.facebook.com/vereadoresbarradoquarai/videos/244779790986178\" target=\"_self\" title=\"\">/09/2021 - Sess\u00e3o Plen\u00e1ria da C\u00e2mara n\u00ba 33/2021</a></td>\r\n<td><a class=\"external-link\" href=\"https://www.facebook.com/vereadorfernandoalonso/videos/645016653379572\" target=\"_self\" title=\"\">&gt;&gt;14/02/2022 - Sess\u00e3o Plen\u00e1ria da C\u00e2mara n\u00ba 02/2022</a></td>\r\n</tr>\r\n<tr>\r\n<td><a class=\"external-link\" href=\"https://www.facebook.com/vereadoresbarradoquarai/videos/1219396781871019\" target=\"_self\" title=\"\">&gt;&gt;08/09/2021 - Sess\u00e3o Plen\u00e1ria Extra. da C\u00e2mara n\u00ba 11/2021</a></td>\r\n<td><a class=\"external-link\" href=\"https://www.facebook.com/vereadoresbarradoquarai/videos/515483086764603\" target=\"_self\" title=\"\">&gt;&gt;21/02/2022 - Sess\u00e3o Plen\u00e1ria da C\u00e2mara n\u00ba 03/2022</a></td>\r\n</tr>\r\n<tr>\r\n<td><a class=\"external-link\" href=\"https://www.facebook.com/vereadoresbarradoquarai/videos/1662573093948823\" target=\"_self\" title=\"\">&gt;&gt;13/09/2021 - Sess\u00e3o Plen\u00e1ria da C\u00e2mara n\u00ba 34/2021</a></td>\r\n<td><a class=\"external-link\" href=\"https://www.facebook.com/vereadorfernandoalonso/videos/645016653379572\" target=\"_self\" title=\"\">&gt;&gt;07/03/2022 - Sess\u00e3o Plen\u00e1ria da C\u00e2mara n\u00ba 04/2022</a></td>\r\n</tr>\r\n<tr>\r\n<td><a class=\"external-link\" href=\"https://www.facebook.com/vereadoresbarradoquarai/videos/879998429558587\" target=\"_self\" title=\"\">&gt;&gt;13/09/2021 - Sess\u00e3o Plen\u00e1ria Extra. da C\u00e2mara n\u00ba 12/2021</a></td>\r\n<td><a class=\"external-link\" href=\"https://www.facebook.com/vereadoresbarradoquarai/videos/341312214709304\" target=\"_self\" title=\"\">&gt;&gt;14/03/2022 - Sess\u00e3o Plen\u00e1ria da C\u00e2mara n\u00ba 05/2022</a></td>\r\n</tr>\r\n<tr>\r\n<td><a class=\"external-link\" href=\"https://www.facebook.com/vereadoresbarradoquarai/videos/681435906187695\" target=\"_self\" title=\"\">&gt;&gt;Audi\u00eancia P\u00fablica PL n\u00b0 025/2021 - PPA 2022-2025</a></td>\r\n<td><a class=\"external-link\" href=\"https://www.facebook.com/vereadoresbarradoquarai/videos/3100661286869074\" target=\"_self\" title=\"\">&gt;&gt;14/03/2022 - Sess\u00e3o Plen\u00e1ria Extra. da C\u00e2mara n\u00ba 03/2022</a></td>\r\n</tr>\r\n<tr>\r\n<td><a class=\"external-link\" href=\"https://www.facebook.com/vereadoresbarradoquarai/videos/2162813263860816\" target=\"_self\" title=\"\">&gt;&gt;27/09/2021 - Sess\u00e3o Plen\u00e1ria da C\u00e2mara n\u00ba 35/2021</a></td>\r\n<td><a class=\"external-link\" href=\"https://www.facebook.com/vereadoresbarradoquarai/videos/3204001119823012\" target=\"_self\" title=\"\">&gt;&gt;14/03/2022 - Continua\u00e7\u00e3o Sess\u00e3o Plen\u00e1ria Extra. da C\u00e2mara n\u00ba 03/2022</a></td>\r\n</tr>\r\n<tr>\r\n<td><a class=\"external-link\" href=\"https://www.facebook.com/105633264820775/videos/410420727190330\" target=\"_self\" title=\"\">&gt;&gt;05/10/2021 - Audi\u00eancia P\u00fablica Corsan</a></td>\r\n<td><a class=\"external-link\" href=\"https://www.facebook.com/alonso.luisfernando/videos/960334721295674\" target=\"_self\" title=\"\">&gt;&gt;21/03/2022 - Sess\u00e3o Plen\u00e1ria da C\u00e2mara n\u00ba 06/2022</a></td>\r\n</tr>\r\n<tr>\r\n<td>&gt;&gt;<a class=\"external-link\" href=\"https://www.facebook.com/vereadoresbarradoquarai/videos/377829073995732\" target=\"_self\" title=\"\">18/10/2021 - Sess\u00e3o Plen\u00e1ria da C\u00e2mara n\u00ba 37/2021</a></td>\r\n<td><a class=\"external-link\" href=\"https://www.facebook.com/vereadoresbarradoquarai/videos/691280682065556\" target=\"_self\" title=\"\">&gt;&gt;28/03/2022 - Sess\u00e3o Plen\u00e1ria da C\u00e2mara n\u00ba 07/2022</a></td>\r\n</tr>\r\n<tr>\r\n<td><a class=\"external-link\" href=\"https://www.facebook.com/vereadoresbarradoquarai/videos/3213572565590825\" target=\"_self\" title=\"\">&gt;&gt;25/10/2021 - Sess\u00e3o Plen\u00e1ria da C\u00e2mara n\u00ba 38/2021</a></td>\r\n<td><a class=\"external-link\" href=\"https://www.facebook.com/vereadoresbarradoquarai/videos/522071156152831\" target=\"_self\" title=\"\">&gt;&gt;28/03/2022 - Sess\u00e3o Plen\u00e1ria Extra. da C\u00e2mara n\u00ba 04/2022</a></td>\r\n</tr>\r\n<tr>\r\n<td><a class=\"external-link\" href=\"https://www.facebook.com/vereadoresbarradoquarai/videos/314022463582511\" target=\"_self\" title=\"\">&gt;&gt;08/11/2021 - Sess\u00e3o Plen\u00e1ria da C\u00e2mara n\u00ba 39/2021</a></td>\r\n<td><a class=\"external-link\" href=\"https://www.facebook.com/vereadoresbarradoquarai/videos/397999045661339\" target=\"_self\" title=\"\">&gt;&gt;11/04/2022 - Sess\u00e3o Plen\u00e1ria da C\u00e2mara n\u00ba 09/2022</a></td>\r\n</tr>\r\n<tr>\r\n<td><a class=\"external-link\" href=\"https://www.facebook.com/vereadoresbarradoquarai/videos/312268570899898/?notif_id=1637102653061594&amp;notif_t=page_post_reaction&amp;ref=notif\" target=\"_self\" title=\"\">&gt;&gt;16/11/2021 - Sess\u00e3o Plen\u00e1ria Extra. da C\u00e2mara n\u00ba 14/2021</a></td>\r\n<td><a class=\"external-link\" href=\"https://www.facebook.com/vereadoresbarradoquarai/videos/512254813859061\" target=\"_self\" title=\"\">&gt;&gt;11/04/2022 - Sess\u00e3o Plen\u00e1ria Extra. da C\u00e2mara n\u00ba 06/2022</a></td>\r\n</tr>\r\n<tr>\r\n<td><a class=\"external-link\" href=\"https://www.facebook.com/vereadoresbarradoquarai/videos/939694536973272\" target=\"_self\" title=\"\">&gt;&gt;22/11/2021 - Sess\u00e3o Plen\u00e1ria da C\u00e2mara n\u00ba 40/2021</a></td>\r\n<td><a class=\"external-link\" href=\"https://www.facebook.com/vereadoresbarradoquarai/videos/401647538128008\" target=\"_self\" title=\"\">&gt;&gt;18/04/2022 - Sess\u00e3o Plen\u00e1ria da C\u00e2mara n\u00ba 10/2022</a></td>\r\n</tr>\r\n<tr>\r\n<td><a class=\"external-link\" href=\"https://www.facebook.com/vereadoresbarradoquarai/videos/1077342586403157\" target=\"_self\" title=\"\">&gt;&gt;22/11/2021 - Continua\u00e7\u00e3o Sess\u00e3o Plen\u00e1ria n\u00ba 40/2021</a></td>\r\n<td><a class=\"external-link\" href=\"https://www.facebook.com/vereadoresbarradoquarai/videos/5052186641502162\" target=\"_self\" title=\"\">&gt;&gt;02/05/2022 - Sess\u00e3o Plen\u00e1ria da C\u00e2mara n\u00ba 12/2022</a></td>\r\n</tr>\r\n<tr>\r\n<td><a class=\"external-link\" href=\"https://www.facebook.com/vereadoresbarradoquarai/videos/249364243775997\" target=\"_self\" title=\"\">&gt;&gt;23/11/2021 - Sess\u00e3o Solene Func. Municipais</a></td>\r\n<td><a class=\"external-link\" href=\"https://www.facebook.com/vereadoresbarradoquarai/videos/958314071793746\" target=\"_self\" title=\"\">&gt;&gt;02/05/2022 - Sess\u00e3o Plen\u00e1ria Extra. da C\u00e2mara n\u00ba 07/2022</a></td>\r\n</tr>\r\n<tr>\r\n<td><a class=\"external-link\" href=\"https://www.facebook.com/vereadoresbarradoquarai/videos/241275397952886\" target=\"_self\" title=\"\">&gt;&gt;29/11/2021 - Sess\u00e3o Plen\u00e1ria da C\u00e2mara n\u00ba 41/2021</a></td>\r\n<td><a class=\"external-link\" href=\"https://www.facebook.com/vereadoresbarradoquarai/videos/677020890076583\" target=\"_self\" title=\"\">&gt;&gt;09/05/2022 - Sess\u00e3o Plen\u00e1ria da C\u00e2mara n\u00ba 13/2022</a></td>\r\n</tr>\r\n<tr>\r\n<td><a class=\"external-link\" href=\"https://www.facebook.com/vereadoresbarradoquarai/videos/2977356119182883\" target=\"_self\" title=\"\">&gt;&gt;30/11/2021 - Sess\u00e3o Plen\u00e1ria Extra. da C\u00e2mara n\u00ba 15/2021</a></td>\r\n<td><a class=\"external-link\" href=\"https://www.facebook.com/vereadoresbarradoquarai/videos/733780030996496\" target=\"_self\" title=\"\">&gt;&gt;16/05/2022 - Sess\u00e3o Plen\u00e1ria da C\u00e2mara n\u00ba 14/2022</a></td>\r\n</tr>\r\n<tr>\r\n<td><a class=\"external-link\" href=\"https://www.facebook.com/vereadoresbarradoquarai/videos/3817491875142927\" target=\"_self\" title=\"\">&gt;&gt;30/11/2021 - Continua\u00e7\u00e3o Sess\u00e3o Plen\u00e1ria Extra. n\u00ba 15/2021</a></td>\r\n<td><a class=\"external-link\" href=\"https://www.facebook.com/vereadoresbarradoquarai/videos/327160882894771\" target=\"_self\" title=\"\">&gt;&gt;16/05/2022 - Sess\u00e3o Plen\u00e1ria Extra. da C\u00e2mara n\u00ba 08/2022</a></td>\r\n</tr>\r\n<tr>\r\n<td><a class=\"external-link\" href=\"https://www.facebook.com/vereadoresbarradoquarai/videos/317032060080654\" target=\"_self\" title=\"\">&gt;&gt;06/12/2021 - Sess\u00e3o Plen\u00e1ria da C\u00e2mara n\u00ba 42/2021</a></td>\r\n<td><a class=\"external-link\" href=\"https://www.facebook.com/vereadoresbarradoquarai/videos/1620397074990707\" target=\"_self\" title=\"\">&gt;&gt;23/05/2022 - Sess\u00e3o Plen\u00e1ria da C\u00e2mara n\u00ba 15/2022</a></td>\r\n</tr>\r\n<tr>\r\n<td><a class=\"external-link\" href=\"https://www.facebook.com/vereadoresbarradoquarai/videos/340712900760503\" target=\"_self\" title=\"\">&gt;&gt;13/12/2021- Sess\u00e3o Plen\u00e1ria da C\u00e2mara n\u00ba 43/2021</a></td>\r\n<td><a class=\"external-link\" href=\"https://www.facebook.com/vereadoresbarradoquarai/videos/742644810089692\" target=\"_self\" title=\"\">&gt;&gt;30/05/2022 - Sess\u00e3o Plen\u00e1ria da C\u00e2mara n\u00ba 16/2022</a></td>\r\n</tr>\r\n<tr>\r\n<td><a class=\"external-link\" href=\"https://www.facebook.com/vereadoresbarradoquarai/videos/312552630680164\" target=\"_self\" title=\"\">&gt;&gt;13/12/2021- Sess\u00e3o Plen\u00e1ria\u00a0 Extra. da C\u00e2mara n\u00ba 16/2021</a><a class=\"external-link\" href=\"https://www.facebook.com/vereadoresbarradoquarai/videos/340712900760503\" target=\"_self\" title=\"\"></a></td>\r\n<td><a class=\"external-link\" href=\"https://www.facebook.com/vereadoresbarradoquarai/videos/5460344520677465\" target=\"_self\" title=\"\">&gt;&gt;06/06/2022 - Sess\u00e3o Plen\u00e1ria da C\u00e2mara n\u00ba 17/2022</a></td>\r\n</tr>\r\n<tr>\r\n<td><a class=\"external-link\" href=\"https://www.facebook.com/vereadoresbarradoquarai/videos/201257078888016\" target=\"_self\" title=\"\">&gt;&gt;20/12/2021- Audi\u00eancia P\u00fablica PL n\u00ba 45/2021</a></td>\r\n<td><a class=\"external-link\" href=\"https://www.facebook.com/vereadoresbarradoquarai/videos/1219615688805758\" target=\"_self\" title=\"\">&gt;&gt;06/06/2022 - Sess\u00e3o Plen\u00e1ria Extra. da C\u00e2mara n\u00ba 09/2022</a></td>\r\n</tr>\r\n<tr>\r\n<td><a class=\"external-link\" href=\"https://www.facebook.com/vereadoresbarradoquarai/videos/4864961613559831\" target=\"_self\" title=\"\">&gt;&gt;20/12/2021 - Sess\u00e3o Plen\u00e1ria da C\u00e2mara n\u00ba 44/2021</a></td>\r\n<td><a class=\"external-link\" href=\"https://www.facebook.com/vereadoresbarradoquarai/videos/1063942901163277\" target=\"_self\" title=\"\">&gt;&gt;13/06/2022 - Sess\u00e3o Plen\u00e1ria da C\u00e2mara n\u00ba 18/2022</a></td>\r\n</tr>\r\n<tr>\r\n<td><a class=\"external-link\" href=\"https://www.facebook.com/vereadoresbarradoquarai/videos/643507280124585\" target=\"_self\" title=\"\">&gt;&gt;20/12/2021- Sess\u00e3o Plen\u00e1ria\u00a0 Extra. da C\u00e2mara n\u00ba 17/2021</a></td>\r\n<td><a class=\"external-link\" href=\"https://www.facebook.com/vereadoresbarradoquarai/videos/494891612434488\" target=\"_self\" title=\"\">&gt;&gt;20/06/2022 - Sess\u00e3o Plen\u00e1ria da C\u00e2mara n\u00ba 19/2022</a></td>\r\n</tr>\r\n<tr>\r\n<td><a class=\"external-link\" href=\"https://www.facebook.com/vereadoresbarradoquarai/videos/2985013928420525\" target=\"_self\" title=\"\">&gt;&gt;22/12/2021- Sess\u00e3o Plen\u00e1ria\u00a0 Extra. da C\u00e2mara n\u00ba 18/2021</a></td>\r\n<td><a class=\"external-link\" href=\"https://www.facebook.com/vereadoresbarradoquarai/videos/992797334728563\" target=\"_self\" title=\"\">&gt;&gt;20/06/2022 - Sess\u00e3o Plen\u00e1ria Extra. da C\u00e2mara n\u00ba 10/2022</a></td>\r\n</tr>\r\n<tr>\r\n<td><a class=\"external-link\" href=\"https://www.facebook.com/vereadoresbarradoquarai/videos/950920835828294\" target=\"_self\" title=\"\">&gt;&gt;22/12/2021- Continua\u00e7\u00e3o Sess\u00e3o Plen\u00e1ria\u00a0 Extra. da C\u00e2mara n\u00ba 18/2021</a></td>\r\n<td><a class=\"external-link\" href=\"https://www.facebook.com/vereadoresbarradoquarai/videos/1315043255687945\" target=\"_self\" title=\"\">&gt;&gt;27/06/2022 - Sess\u00e3o Plen\u00e1ria da C\u00e2mara n\u00ba 20/2022</a></td>\r\n</tr>\r\n<tr>\r\n<td><a class=\"external-link\" href=\"https://www.facebook.com/vereadoresbarradoquarai/videos/1802224329973911\" target=\"_self\" title=\"\">&gt;&gt;23/12/2021- Sess\u00e3o Plen\u00e1ria\u00a0 Extra. da C\u00e2mara n\u00ba 19/2021</a></td>\r\n<td><a class=\"external-link\" href=\"https://www.facebook.com/vereadoresbarradoquarai/videos/437854354868280\" target=\"_self\" title=\"\">&gt;&gt;04/07/2022 - Sess\u00e3o Plen\u00e1ria da C\u00e2mara n\u00ba 21/2022</a></td>\r\n</tr>\r\n<tr>\r\n<td><a class=\"external-link\" href=\"https://www.facebook.com/vereadoresbarradoquarai/videos/280507554054403\" target=\"_self\" title=\"\">&gt;&gt;23/12/2021- Continua\u00e7\u00e3o Sess\u00e3o Plen\u00e1ria\u00a0 Extra. da C\u00e2mara n\u00ba 19/2021</a></td>\r\n<td><a class=\"external-link\" href=\"https://www.facebook.com/vereadoresbarradoquarai/videos/1182989189211596\" target=\"_self\" title=\"\">&gt;&gt;11/07/2022 - Sess\u00e3o Plen\u00e1ria da C\u00e2mara n\u00ba 22/2022</a></td>\r\n</tr>\r\n<tr>\r\n<td></td>\r\n<td><a class=\"external-link\" href=\"https://www.facebook.com/vereadoresbarradoquarai/videos/1181628712659626\" target=\"_self\" title=\"\">&gt;&gt;18/07/2022 - Sess\u00e3o Plen\u00e1ria Extra. da C\u00e2mara n\u00ba 11/2022</a></td>\r\n</tr>\r\n<tr>\r\n<td></td>\r\n<td><a class=\"external-link\" href=\"https://www.instagram.com/tv/Cgu6r0iJ9JN/?utm_source=ig_web_copy_link&amp;fbclid=IwAR0bwN5WLVLyRi9f95UX7n9LvbuL2-mF0Y6rAoz0NsOze7K0TeLNMSggXZ0\" target=\"_self\" title=\"\">&gt;&gt;1\u00ba/08/2022 - Sess\u00e3o Plen\u00e1ria da C\u00e2mara n\u00ba 23/2022</a></td>\r\n</tr>\r\n<tr>\r\n<td></td>\r\n<td><a class=\"external-link\" href=\"https://www.facebook.com/vereadoresbarradoquarai/videos/3256301161251110\" target=\"_self\" title=\"\">&gt;&gt;08/08/2022 - Sess\u00e3o Plen\u00e1ria da C\u00e2mara n\u00ba 24/2022</a></td>\r\n</tr>\r\n<tr>\r\n<td></td>\r\n<td><a class=\"external-link\" href=\"https://www.facebook.com/vereadoresbarradoquarai/videos/773399563853598\" target=\"_self\" title=\"\">&gt;&gt;08/08/2022 - Sess\u00e3o Plen\u00e1ria Extra. da C\u00e2mara n\u00ba 12/2022</a></td>\r\n</tr>\r\n<tr>\r\n<td></td>\r\n<td><a class=\"external-link\" href=\"https://www.facebook.com/vereadoresbarradoquarai/videos/335622692024575\" target=\"_self\" title=\"\">&gt;&gt;15/08/2022 - Sess\u00e3o Plen\u00e1ria da C\u00e2mara n\u00ba 25/2022</a></td>\r\n</tr>\r\n<tr>\r\n<td></td>\r\n<td><a class=\"external-link\" href=\"https://www.facebook.com/vereadoresbarradoquarai/videos/762189044832817\" target=\"_self\" title=\"\">&gt;&gt;22/08/2022 - Sess\u00e3o Plen\u00e1ria da C\u00e2mara n\u00ba 26/2022</a></td>\r\n</tr>\r\n<tr>\r\n<td></td>\r\n<td><a class=\"external-link\" href=\"https://www.facebook.com/vereadoresbarradoquarai/videos/433117952187540\" target=\"_self\" title=\"\">&gt;&gt;22/08/2022 - Sess\u00e3o Plen\u00e1ria Extra. da C\u00e2mara n\u00ba 13/2022</a></td>\r\n</tr>\r\n<tr>\r\n<td></td>\r\n<td><a class=\"external-link\" href=\"https://www.facebook.com/vereadoresbarradoquarai/videos/877998999851890\" target=\"_self\" title=\"\">&gt;&gt;29/08/2022 - Sess\u00e3o Plen\u00e1ria da C\u00e2mara n\u00ba 27/2022</a></td>\r\n</tr>\r\n<tr>\r\n<td></td>\r\n<td><a class=\"external-link\" href=\"https://www.facebook.com/vereadoresbarradoquarai/videos/408021478119051\" target=\"_self\" title=\"\">&gt;&gt;29/08/2022 - Sess\u00e3o Plen\u00e1ria Extra. da C\u00e2mara n\u00ba 14/2022</a></td>\r\n</tr>\r\n<tr>\r\n<td></td>\r\n<td><a class=\"external-link\" href=\"https://www.facebook.com/vereadoresbarradoquarai/videos/1574830739639499\" target=\"_self\" title=\"\">&gt;&gt;05/09/2022 - Sess\u00e3o Plen\u00e1ria da C\u00e2mara n\u00ba 28/2022</a></td>\r\n</tr>\r\n<tr>\r\n<td></td>\r\n<td><a class=\"external-link\" href=\"https://www.facebook.com/vereadoresbarradoquarai/videos/3476192435950391\" target=\"_self\" title=\"\">&gt;&gt;12/09/2022 - Sess\u00e3o Plen\u00e1ria da C\u00e2mara n\u00ba 29/2022</a></td>\r\n</tr>\r\n<tr>\r\n<td></td>\r\n<td><a class=\"external-link\" href=\"https://www.facebook.com/vereadoresbarradoquarai/videos/427804972808082\" target=\"_self\" title=\"\">&gt;&gt;26/09/2022 - Sess\u00e3o Plen\u00e1ria da C\u00e2mara n\u00ba 30/2022</a></td>\r\n</tr>\r\n<tr>\r\n<td></td>\r\n<td><a class=\"external-link\" href=\"https://www.facebook.com/vereadoresbarradoquarai/videos/1335228620626462\" target=\"_self\" title=\"\">&gt;&gt;26/09/2022 - Sess\u00e3o Plen\u00e1ria Extra. da C\u00e2mara n\u00ba 15/2022</a></td>\r\n</tr>\r\n<tr>\r\n<td></td>\r\n<td><a class=\"external-link\" href=\"https://www.facebook.com/vereadoresbarradoquarai/videos/5720186681378449\" target=\"_self\" title=\"\">&gt;&gt;03/10/2022 - Sess\u00e3o Plen\u00e1ria da C\u00e2mara n\u00ba 31/2022</a></td>\r\n</tr>\r\n<tr>\r\n<td></td>\r\n<td><a class=\"external-link\" href=\"https://www.facebook.com/vereadoresbarradoquarai/videos/2912084952434211\" target=\"_self\" title=\"\">&gt;&gt;03/10/2022 - Sess\u00e3o Plen\u00e1ria Extra. da C\u00e2mara n\u00ba 16/2022</a></td>\r\n</tr>\r\n<tr>\r\n<td></td>\r\n<td><a class=\"external-link\" href=\"https://www.facebook.com/vereadoresbarradoquarai/videos/447747600675964\" target=\"_self\" title=\"\">&gt;&gt;10/10/2022 - Sess\u00e3o Plen\u00e1ria da C\u00e2mara n\u00ba 32/2022</a></td>\r\n</tr>\r\n<tr>\r\n<td></td>\r\n<td><a class=\"external-link\" href=\"https://www.instagram.com/tv/Cj1NOFKJgC9/?utm_source=ig_web_copy_link&amp;fbclid=IwAR1r27KoWnRYlPrsJD3dGg0E9m4ytHSU0hntUnSWgLtPvj1biX3OURbZ9fg\" target=\"_self\" title=\"\">&gt;&gt;17/10/2022 - Sess\u00e3o Plen\u00e1ria da C\u00e2mara n\u00ba 33/2022</a></td>\r\n</tr>\r\n<tr>\r\n<td></td>\r\n<td><a class=\"external-link\" href=\"https://www.facebook.com/vereadoresbarradoquarai/videos/800157957878073\" target=\"_self\" title=\"\">&gt;&gt;24/10/2022 - Sess\u00e3o Plen\u00e1ria da C\u00e2mara n\u00ba 34/2022</a></td>\r\n</tr>\r\n<tr>\r\n<td></td>\r\n<td><a class=\"external-link\" href=\"https://www.facebook.com/vereadoresbarradoquarai/videos/1175512443392309\" target=\"_self\" title=\"\">&gt;&gt;31/10/2022 - Sess\u00e3o Plen\u00e1ria da C\u00e2mara n\u00ba 35/2022</a></td>\r\n</tr>\r\n<tr>\r\n<td></td>\r\n<td><a class=\"external-link\" href=\"https://www.facebook.com/vereadoresbarradoquarai/videos/2481238015508247\" target=\"_self\" title=\"\">&gt;&gt;31/10/2022 - Sess\u00e3o Plen\u00e1ria Extra. da C\u00e2mara n\u00ba 18/2022</a></td>\r\n</tr>\r\n<tr>\r\n<td></td>\r\n<td><a class=\"external-link\" href=\"https://www.instagram.com/tv/CkrTEwpJIwA/\" target=\"_self\" title=\"\">&gt;&gt;07/11/2022 - Sess\u00e3o Plen\u00e1ria da C\u00e2mara n\u00ba 36/2022</a></td>\r\n</tr>\r\n<tr>\r\n<td></td>\r\n<td><a class=\"external-link\" href=\"https://www.facebook.com/vereadoresbarradoquarai/videos/353692290295756\" target=\"_self\" title=\"\">&gt;&gt;07/11/2022 - Sess\u00e3o Plen\u00e1ria Extra. da C\u00e2mara n\u00ba 19/2022</a></td>\r\n</tr>\r\n<tr>\r\n<td></td>\r\n<td><a class=\"external-link\" href=\"https://www.facebook.com/vereadoresbarradoquarai/videos/820742185960482\" target=\"_self\" title=\"\">&gt;&gt;21/11/2022 - Sess\u00e3o Plen\u00e1ria da C\u00e2mara n\u00ba 37/2022</a></td>\r\n</tr>\r\n<tr>\r\n<td></td>\r\n<td><a class=\"external-link\" href=\"https://www.facebook.com/vereadoresbarradoquarai/videos/685447676273757\" target=\"_self\" title=\"\">&gt;&gt;29/11/2022 - Sess\u00e3o Plen\u00e1ria da C\u00e2mara n\u00ba 38/2022</a></td>\r\n</tr>\r\n<tr>\r\n<td></td>\r\n<td><a class=\"external-link\" href=\"https://www.facebook.com/vereadoresbarradoquarai/videos/457318756585680\" target=\"_self\" title=\"\">&gt;&gt;05/12/2022 - Sess\u00e3o Plen\u00e1ria da C\u00e2mara n\u00ba 39/2022</a></td>\r\n</tr>\r\n<tr>\r\n<td></td>\r\n<td><a class=\"external-link\" href=\"https://www.instagram.com/tv/ClzgLP5JG3Y/?utm_source=ig_web_copy_link\" target=\"_self\" title=\"\">&gt;&gt;05/12/2022 - Sess\u00e3o Plen\u00e1ria Extra. da C\u00e2mara n\u00ba 21/2022</a></td>\r\n</tr>\r\n<tr>\r\n<td></td>\r\n<td><a class=\"external-link\" href=\"https://www.facebook.com/vereadoresbarradoquarai/videos/843528523639357\" target=\"_self\" title=\"\">&gt;&gt;08/12/2022 - Sess\u00e3o Plen\u00e1ria Extra. da C\u00e2mara n\u00ba 22/2022</a></td>\r\n</tr>\r\n<tr>\r\n<td></td>\r\n<td><a class=\"external-link\" href=\"https://www.facebook.com/vereadoresbarradoquarai/videos/815225982888401\" target=\"_self\" title=\"\">&gt;&gt;08/12/2022 - Audi\u00eancia P\u00fablica LOA 2023</a></td>\r\n</tr>\r\n<tr>\r\n<td></td>\r\n<td><a class=\"external-link\" href=\"https://www.facebook.com/vereadoresbarradoquarai/videos/904101390609250\" target=\"_self\" title=\"\">&gt;&gt;12/12/2022 - Sess\u00e3o Plen\u00e1ria da C\u00e2mara n\u00ba 40/2022</a></td>\r\n</tr>\r\n<tr>\r\n<td></td>\r\n<td><a class=\"external-link\" href=\"https://www.facebook.com/vereadoresbarradoquarai/videos/1372655183551040\" target=\"_self\" title=\"\">&gt;&gt;26/12/2022 - Sess\u00e3o Plen\u00e1ria da C\u00e2mara n\u00ba 42/2022</a></td>\r\n</tr>\r\n<tr>\r\n<td></td>\r\n<td><a class=\"external-link\" href=\"https://www.facebook.com/vereadoresbarradoquarai/videos/1394709251063944\" target=\"_self\" title=\"\">&gt;&gt;26/12/2022 - Sess\u00e3o Plen\u00e1ria Extra. da C\u00e2mara n\u00ba 24/2022</a></td>\r\n</tr>\r\n<tr>\r\n<td></td>\r\n<td>&gt;&gt;00/00/0000 - Sess\u00e3o Plen\u00e1ria da C\u00e2mara n\u00ba 00/0000</td>\r\n</tr>\r\n<tr>\r\n<td></td>\r\n<td>&gt;&gt;00/00/0000 - Sess\u00e3o Plen\u00e1ria da C\u00e2mara n\u00ba 00/0000</td>\r\n</tr>\r\n<tr>\r\n<td></td>\r\n<td>&gt;&gt;00/00/0000 - Sess\u00e3o Plen\u00e1ria da C\u00e2mara n\u00ba 00/0000</td>\r\n</tr>\r\n<tr>\r\n<td></td>\r\n<td>&gt;&gt;00/00/0000 - Sess\u00e3o Plen\u00e1ria da C\u00e2mara n\u00ba 00/0000</td>\r\n</tr>\r\n<tr>\r\n<td></td>\r\n<td>&gt;&gt;00/00/0000 - Sess\u00e3o Plen\u00e1ria da C\u00e2mara n\u00ba 00/0000</td>\r\n</tr>\r\n<tr>\r\n<td></td>\r\n<td>&gt;&gt;00/00/0000 - Sess\u00e3o Plen\u00e1ria da C\u00e2mara n\u00ba 00/0000</td>\r\n</tr>\r\n<tr>\r\n<td></td>\r\n<td>&gt;&gt;00/00/0000 - Sess\u00e3o Plen\u00e1ria da C\u00e2mara n\u00ba 00/0000</td>\r\n</tr>\r\n<tr>\r\n<td></td>\r\n<td>&gt;&gt;00/00/0000 - Sess\u00e3o Plen\u00e1ria da C\u00e2mara n\u00ba 00/0000</td>\r\n</tr>\r\n</tbody>\r\n</table>\r\n<p>\u00a0</p>\r\n<p>\u00a0</p>", "author_name": "Interlegis", "version": "1.0", "author_url": "https://www.barradoquarai.rs.leg.br/author/Interlegis", "provider_name": "C\u00e2mara Municipal de Barra do Quara\u00ed-RS", "type": "rich"}