{"provider_url": "https://www.barradoquarai.rs.leg.br", "title": "Comiss\u00f5es 2021-2024", "html": "<p><strong>&gt; COMISS\u00c3O DE LEGISLA\u00c7\u00c3O, JUSTI\u00c7A E REDA\u00c7\u00c3O FINAL</strong><span>\u00a0</span></p>\r\n<table class=\"plain\">\r\n<tbody>\r\n<tr><th><img src=\"https://www.barradoquarai.rs.leg.br/imagens/rick-mini.jpg\" alt=\"rick-mini.jpg\" class=\"image-inline\" title=\"rick-mini.jpg\" /></th><th><img src=\"https://www.barradoquarai.rs.leg.br/imagens/richardmini.jpg\" alt=\"richardmini.jpg\" class=\"image-inline\" title=\"richardmini.jpg\" /></th><th><img src=\"https://www.barradoquarai.rs.leg.br/imagens/alonso_21.jpg\" alt=\"alonso_21.jpg\" class=\"image-inline\" title=\"alonso_21.jpg\" /></th></tr>\r\n<tr>\r\n<td>\r\n<p>Rick Mossi</p>\r\n<p>Relator</p>\r\n</td>\r\n<td>\r\n<p>Richard de Souza</p>\r\n<p>Presidente</p>\r\n</td>\r\n<td>\r\n<p>Fernando Alonso</p>\r\n<p>Vice-Presidente</p>\r\n</td>\r\n</tr>\r\n</tbody>\r\n</table>\r\n<p><strong><br />&gt; COMISS\u00c3O DE FINAN\u00c7AS, OR\u00c7AMENTO E CONTAS P\u00daBLICAS</strong>\u00a0</p>\r\n<table class=\"plain\">\r\n<tbody>\r\n<tr><th><img src=\"https://www.barradoquarai.rs.leg.br/imagens/danilo-mini.jpg\" alt=\"danilo-mini.jpg\" class=\"image-inline\" title=\"danilo-mini.jpg\" /></th><th><img src=\"https://www.barradoquarai.rs.leg.br/imagens/fernandomini\" alt=\"fernandomini\" class=\"image-inline\" title=\"fernandomini\" /></th><th><img src=\"https://www.barradoquarai.rs.leg.br/imagens/cezar-mini.jpg\" alt=\"cezar-mini.jpg\" class=\"image-inline\" title=\"cezar-mini.jpg\" /></th></tr>\r\n<tr>\r\n<td>\r\n<p>Danilo Rodrigues</p>\r\n<p>Relator</p>\r\n</td>\r\n<td>\r\n<p>Fernando Alonso</p>\r\n<p>Presidente</p>\r\n</td>\r\n<td>\r\n<p>Cezar Benites</p>\r\n<p>Vice-Presidente</p>\r\n</td>\r\n</tr>\r\n</tbody>\r\n</table>\r\n<p><strong><br />&gt; COMISS\u00c3O DE ASSUNTOS MUNICIPAIS</strong>\u00a0</p>\r\n<table class=\"plain\">\r\n<tbody>\r\n<tr><th><img src=\"https://www.barradoquarai.rs.leg.br/imagens/junior-mini.jpg\" alt=\"junior-mini.jpg\" class=\"image-inline\" title=\"junior-mini.jpg\" /></th><th><img src=\"https://www.barradoquarai.rs.leg.br/imagens/lelo-mini.jpg\" alt=\"lelo-mini.jpg\" class=\"image-inline\" title=\"lelo-mini.jpg\" /></th><th><img src=\"https://www.barradoquarai.rs.leg.br/imagens/edenilson-mini.jpg\" alt=\"edenilson-mini.jpg\" class=\"image-inline\" title=\"edenilson-mini.jpg\" /></th></tr>\r\n<tr>\r\n<td>\r\n<p>Junior Galv\u00e3o</p>\r\n<p>Relator</p>\r\n</td>\r\n<td>\r\n<p>Jocemar Medeiros</p>\r\n<p>Presidente</p>\r\n</td>\r\n<td>\r\n<p>Edenilson Brazeiro</p>\r\n<p>Vice-Presidente</p>\r\n</td>\r\n</tr>\r\n</tbody>\r\n</table>\r\n<p>As Comiss\u00f5es Permanentes s\u00e3o compostas de tr\u00eas membros cada uma. Cabe as Comiss\u00f5es, conforme a mat\u00e9ria, analisar e emitir parecer antes de sua inclus\u00e3o na ordem do dia para discuss\u00e3o e vota\u00e7\u00e3o pelo Plen\u00e1rio.</p>\r\n<p>\u00a0</p>", "author_name": "", "version": "1.0", "author_url": "https://www.barradoquarai.rs.leg.br/author/adm", "provider_name": "C\u00e2mara Municipal de Barra do Quara\u00ed-RS", "type": "rich"}